{"id":18847,"date":"2014-03-21T08:17:35","date_gmt":"2014-03-21T13:17:35","guid":{"rendered":"http:\/\/www.ambiente.gob.ec\/?p=18847"},"modified":"2014-03-21T08:17:35","modified_gmt":"2014-03-21T13:17:35","slug":"mae-celebra-el-dia-mundial-forestal","status":"publish","type":"post","link":"https:\/\/www.ambienteyenergia.gob.ec\/ambiente\/mae-celebra-el-dia-mundial-forestal\/","title":{"rendered":"MAE celebra el D\u00eda Mundial Forestal"},"content":{"rendered":"<p style=\"text-align: justify;\">En conmemoraci\u00f3n del D\u00eda Mundial Forestal, el Ministerio del Ambiente realizar\u00e1 este 21 de marzo una Jornada de reforestaci\u00f3n de manera simult\u00e1nea en ocho provincias del pa\u00eds, en\u00a0 el que se prev\u00e9 reforestar un total de 52 hect\u00e1reas. En el acto simb\u00f3lico principal de reforestaci\u00f3n en la Comunidad La Merced en la provincia de Imbabura se plantar\u00e1n 200 \u00e1rboles en una extensi\u00f3n de 1.5 hect\u00e1reas.<\/p>\n<p style=\"text-align: justify;\">El MAE como ente rector del sector ambiental no escatimar\u00e1 esfuerzos para tomar decisiones y pol\u00edticas en material forestal que permitan consolidar un Ecuador Verde. La conservaci\u00f3n y mantenimiento de los recursos forestales depende de todos y todas. Por lo cual, continuar\u00e1 implementado alianzas con los Gobiernos Aut\u00f3nomos Descentralizados que permitan consolidar la reforestaci\u00f3n en todo el pa\u00eds.<\/p>\n<p style=\"text-align: justify;\">El objetivo principal de este d\u00eda es destacar la importancia de los recursos forestales, que contribuyen al desarrollo de todas las especies de flora y fauna, incluido el ser humano.<\/p>\n<p style=\"text-align: justify;\">Por tal motivo, la Subsecretar\u00eda de Patrimonio Natural, el Programa Socio Bosque y el Sistema Nacional de Control Forestal han implementado diferentes planes y estrategias forestales para su conservaci\u00f3n.<\/p>\n<p style=\"text-align: justify;\">En el a\u00f1o 2013, el Gobierno Nacional decret\u00f3 el Estado de Excepci\u00f3n\u00a0 en Esmeraldas, con la finalidad de salvaguardar el patrimonio forestal de la provincia. Como resultado de las diversas acciones efectuadas se decomis\u00f3 842 m3 de madera, cuyo origen no fue justificado por los propietarios.<\/p>\n<p style=\"text-align: justify;\">Hasta la fecha, la Cartera de Ambiente ha logrado reforestar 40 198 hect\u00e1reas en las provincias de Carchi, Imbabura, Pichincha, Cotopaxi, Chimborazo, Gal\u00e1pagos, Napo, Loja, El Oro, Los R\u00edos, Tungurahua, Zamora Chinchipe, Santo Domingo de los Tsachilas, Ca\u00f1ar, Azuay.\u00a0 La meta para el 2014 es reforestar 100 mil hect\u00e1reas a nivel nacional.<\/p>\n<p style=\"text-align: justify;\">Al momento 32 Gobiernos Aut\u00f3nomos Descentralizados han suscrito un convenio con el Ministerio del Ambiente para gestionar actividades de reforestaci\u00f3n en sus territorios.<\/p>\n<p style=\"text-align: justify;\">En cuanto a la conservaci\u00f3n de bosques y ecosistemas vivos, el MAE conserva 1 mill\u00f3n 227 mil hect\u00e1reas bajo conservaci\u00f3n con el Programa Socio Bosque y beneficia a cerca 161 mil ciudadanos en todo el pa\u00eds.<\/p>\n<p style=\"text-align: justify;\"><b>Antecedentes:<\/b><\/p>\n<ul style=\"text-align: justify;\">\n<li>\u2022 En el a\u00f1o 1971, los estados miembros de la Organizaci\u00f3n de las Naciones Unidas para la Agricultura y la Alimentaci\u00f3n (FAO) acordaron celebrar el 21 de marzo el D\u00eda Mundial Forestal.<\/li>\n<\/ul>\n<ul>\n<li style=\"text-align: justify;\">\u2022 Este d\u00eda se celebra desde 1998, a ra\u00edz del incendio Linton (Canad\u00e1), en que murieron cinco combatientes que pertenec\u00edan a una brigada forestal.<\/li>\n<\/ul>\n<p><a href=\"http:\/\/www.ambienteyenergia.gob.ec\/ambiente\/wp-content\/uploads\/2014\/03\/dia-mundial-forestal.jpg\"><img loading=\"lazy\" decoding=\"async\" class=\"aligncenter size-full wp-image-18850\" alt=\"dia-mundial-forestal\" src=\"http:\/\/www.ambienteyenergia.gob.ec\/ambiente\/wp-content\/uploads\/2014\/03\/dia-mundial-forestal.jpg\" width=\"843\" height=\"403\" srcset=\"https:\/\/www.ambienteyenergia.gob.ec\/ambiente\/wp-content\/uploads\/sites\/2\/2014\/03\/dia-mundial-forestal.jpg 843w, https:\/\/www.ambienteyenergia.gob.ec\/ambiente\/wp-content\/uploads\/sites\/2\/2014\/03\/dia-mundial-forestal-300x143.jpg 300w, https:\/\/www.ambienteyenergia.gob.ec\/ambiente\/wp-content\/uploads\/sites\/2\/2014\/03\/dia-mundial-forestal-500x239.jpg 500w\" sizes=\"auto, (max-width: 843px) 100vw, 843px\" \/><\/a><\/p>\n","protected":false},"excerpt":{"rendered":"<p class=\"excerpt\">En conmemoraci\u00f3n del D\u00eda Mundial Forestal, el Ministerio del Ambiente realizar\u00e1 este 21 de marzo una Jornada de reforestaci\u00f3n de manera simult\u00e1nea en ocho provincias del pa\u00eds, en\u00a0 el que se prev\u00e9 reforestar un total de 52 hect\u00e1reas. En el acto simb\u00f3lico principal de reforestaci\u00f3n en la Comunidad La Merced en la provincia de Imbabura se plantar\u00e1n 200 \u00e1rboles en&hellip; <a href=\"https:\/\/www.ambienteyenergia.gob.ec\/ambiente\/mae-celebra-el-dia-mundial-forestal\/\">Read more &rarr;<\/a><\/p>\n","protected":false},"author":13,"featured_media":18848,"comment_status":"open","ping_status":"open","sticky":false,"template":"","format":"standard","meta":{"footnotes":""},"categories":[16,4],"tags":[],"class_list":["post-18847","post","type-post","status-publish","format-standard","has-post-thumbnail","hentry","category-comunicamos","category-noticias","xfolkentry"],"_links":{"self":[{"href":"https:\/\/www.ambienteyenergia.gob.ec\/ambiente\/wp-json\/wp\/v2\/posts\/18847","targetHints":{"allow":["GET"]}}],"collection":[{"href":"https:\/\/www.ambienteyenergia.gob.ec\/ambiente\/wp-json\/wp\/v2\/posts"}],"about":[{"href":"https:\/\/www.ambienteyenergia.gob.ec\/ambiente\/wp-json\/wp\/v2\/types\/post"}],"author":[{"embeddable":true,"href":"https:\/\/www.ambienteyenergia.gob.ec\/ambiente\/wp-json\/wp\/v2\/users\/13"}],"replies":[{"embeddable":true,"href":"https:\/\/www.ambienteyenergia.gob.ec\/ambiente\/wp-json\/wp\/v2\/comments?post=18847"}],"version-history":[{"count":0,"href":"https:\/\/www.ambienteyenergia.gob.ec\/ambiente\/wp-json\/wp\/v2\/posts\/18847\/revisions"}],"wp:featuredmedia":[{"embeddable":true,"href":"https:\/\/www.ambienteyenergia.gob.ec\/ambiente\/wp-json\/wp\/v2\/media\/18848"}],"wp:attachment":[{"href":"https:\/\/www.ambienteyenergia.gob.ec\/ambiente\/wp-json\/wp\/v2\/media?parent=18847"}],"wp:term":[{"taxonomy":"category","embeddable":true,"href":"https:\/\/www.ambienteyenergia.gob.ec\/ambiente\/wp-json\/wp\/v2\/categories?post=18847"},{"taxonomy":"post_tag","embeddable":true,"href":"https:\/\/www.ambienteyenergia.gob.ec\/ambiente\/wp-json\/wp\/v2\/tags?post=18847"}],"curies":[{"name":"wp","href":"https:\/\/api.w.org\/{rel}","templated":true}]}}