{"id":18831,"date":"2014-03-20T16:39:07","date_gmt":"2014-03-20T21:39:07","guid":{"rendered":"http:\/\/www.ambiente.gob.ec\/?p=18831"},"modified":"2014-03-21T09:17:59","modified_gmt":"2014-03-21T14:17:59","slug":"mae-realiza-proyectos-emblematicos-en-los-rios","status":"publish","type":"post","link":"https:\/\/www.ambienteyenergia.gob.ec\/ambiente\/mae-realiza-proyectos-emblematicos-en-los-rios\/","title":{"rendered":"MAE realiza proyectos emblem\u00e1ticos en Los R\u00edos"},"content":{"rendered":"<p style=\"text-align: justify;\"><span style=\"font-family: Helvetica, sans-serif;\"><span>El Ministerio del Ambiente, a trav\u00e9s del Programa Nacional para la Gesti\u00f3n Integral de Residuos S\u00f3lidos, contin\u00faa en proceso de capacitaci\u00f3n sobre los estudios para la elaboraci\u00f3n del Plan Nacional de Gesti\u00f3n Integral de Residuos S\u00f3lidos, a las m\u00e1ximas autoridades y a los encargados t\u00e9cnicos de 221 Gobiernos Aut\u00f3nomos Descentralizados Municipales a nivel pa\u00eds.<\/span><\/span><\/p>\n<p style=\"text-align: justify;\"><span style=\"font-family: Helvetica, sans-serif;\"><span>Este Plan Nacional busca regular la gesti\u00f3n integral de residuos s\u00f3lidos, lo que permitir\u00e1 sentar bases sostenibles y sustentables para un proceso a largo plazo.<\/span><\/span><\/p>\n<p lang=\"es-EC\" style=\"text-align: justify;\"><span style=\"font-family: Helvetica, sans-serif;\"><span>En el marco de esta campa\u00f1a, el 19 de marzo en la provincia de Los R\u00edos, se desarroll\u00f3 un taller para definir el proceso a seguir en el levantamiento de informaci\u00f3n para la realizaci\u00f3n de estudios e implementaci\u00f3n de la Mancomunidad Sumak Kawsay o Mundo Verde. <\/span><\/span><\/p>\n<p lang=\"es-EC\" style=\"text-align: justify;\"><span style=\"font-family: Helvetica, sans-serif;\">Alcaldes actuales y pr\u00f3ximos a asumir sus cargos, acompa\u00f1ados de los t\u00e9cnicos encargados de la gesti\u00f3n en los cantones que comprenden la Zona 5 (Los R\u00edos, Guayas, Bol\u00edvar y Santa Elena) participaron de este encuentro.<\/span><\/p>\n<p lang=\"es-EC\" style=\"text-align: justify;\"><span style=\"font-family: Helvetica, sans-serif;\"><span>Durante el evento se trataron temas como la reducci\u00f3n considerable de residuos s\u00f3lidos; la disminuci\u00f3n de los costos asociados al manejo de residuos s\u00f3lidos para 13 municipalidades de la provincia de Los R\u00edos, cuatro del Guayas y tres de Bol\u00edvar. Adem\u00e1s, de impulsar politicas para mejorar la calidad del aire y condiciones sanitarias de la zona; la creaci\u00f3n de plantas de aprovechamiento energ\u00e9tico a trav\u00e9s de los residuos, y la generaci\u00f3n de empleo para los habitantes de la Mancomunidad Sumak Kawsay.<\/span><\/span><\/p>\n<p style=\"text-align: justify;\"><span style=\"font-family: Helvetica, sans-serif;\"><span>Edith Bola\u00f1os, Directora Provincial del Ministerio del Ambiente en los R\u00edos, afirm\u00f3 que \u00abSomos una Provincia doblemente beneficiada por el Gobierno Nacional y la entidad rectora del control ambiental, puesto que se desarrollan dos proyectos emblem\u00e1ticos y prioritarios para el pa\u00eds: el Plan Nacional para la Gesti\u00f3n Integral de Desechos S\u00f3lidos y la Mancomunidad Sumak Kawsay o del Buen Viv\u00edr\u00bb.<\/span><\/span><\/p>\n<p style=\"text-align: justify;\"><span style=\"font-family: Helvetica, sans-serif;\"><span>Con el cierre t\u00e9cnico de los botaderos a cielo abierto y el aumento del \u00edndice de cobertura de recolecci\u00f3n de basura se busca beneficiar a la poblaci\u00f3n de nuestro pa\u00eds. \u00abEl Ministerio del Ambiente trabaja por brindar un ambiente sano y mejorar la calidad de vida de todos los ecuatorianos \u00ab, agrega Bola\u00f1os.<\/span><\/span><\/p>\n<div id='gallery-1' class='gallery galleryid-18831 gallery-columns-3 gallery-size-thumbnail'><dl class='gallery-item'>\n\t\t\t<dt class='gallery-icon landscape'>\n\t\t\t\t<a href='https:\/\/www.ambienteyenergia.gob.ec\/ambiente\/mae-realiza-proyectos-emblematicos-en-los-rios\/coordinador-zona-5-guayas_pablo-segale\/'><img loading=\"lazy\" decoding=\"async\" width=\"150\" height=\"150\" src=\"https:\/\/www.ambienteyenergia.gob.ec\/ambiente\/wp-content\/uploads\/sites\/2\/2014\/03\/COORDINADOR-ZONA-5-GUAYAS_PABLO-SEGALE-150x150.jpg\" class=\"attachment-thumbnail size-thumbnail\" alt=\"\" \/><\/a>\n\t\t\t<\/dt><\/dl><dl class='gallery-item'>\n\t\t\t<dt class='gallery-icon landscape'>\n\t\t\t\t<a href='https:\/\/www.ambienteyenergia.gob.ec\/ambiente\/mae-realiza-proyectos-emblematicos-en-los-rios\/directora-provincial-de-los-rios_edith-bolanos\/'><img loading=\"lazy\" decoding=\"async\" width=\"150\" height=\"150\" src=\"https:\/\/www.ambienteyenergia.gob.ec\/ambiente\/wp-content\/uploads\/sites\/2\/2014\/03\/DIRECTORA-PROVINCIAL-DE-LOS-R\u00cdOS_EDITH-BOLA\u00d1OS-150x150.jpg\" class=\"attachment-thumbnail size-thumbnail\" alt=\"\" \/><\/a>\n\t\t\t<\/dt><\/dl><dl class='gallery-item'>\n\t\t\t<dt class='gallery-icon landscape'>\n\t\t\t\t<a href='https:\/\/www.ambienteyenergia.gob.ec\/ambiente\/mae-realiza-proyectos-emblematicos-en-los-rios\/gerenta-pngids_paula-guerra\/'><img loading=\"lazy\" decoding=\"async\" width=\"150\" height=\"150\" src=\"https:\/\/www.ambienteyenergia.gob.ec\/ambiente\/wp-content\/uploads\/sites\/2\/2014\/03\/GERENTA-PNGIDS_PAULA-GUERRA-150x150.jpg\" class=\"attachment-thumbnail size-thumbnail\" alt=\"\" \/><\/a>\n\t\t\t<\/dt><\/dl><br style=\"clear: both\" \/>\n\t\t<\/div>\n\n","protected":false},"excerpt":{"rendered":"<p class=\"excerpt\">El Ministerio del Ambiente, a trav\u00e9s del Programa Nacional para la Gesti\u00f3n Integral de Residuos S\u00f3lidos, contin\u00faa en proceso de capacitaci\u00f3n sobre los estudios para la elaboraci\u00f3n del Plan Nacional de Gesti\u00f3n Integral de Residuos S\u00f3lidos, a las m\u00e1ximas autoridades y a los encargados t\u00e9cnicos de 221 Gobiernos Aut\u00f3nomos Descentralizados Municipales a nivel pa\u00eds. Este Plan Nacional busca regular la&hellip; <a href=\"https:\/\/www.ambienteyenergia.gob.ec\/ambiente\/mae-realiza-proyectos-emblematicos-en-los-rios\/\">Read more &rarr;<\/a><\/p>\n","protected":false},"author":13,"featured_media":18835,"comment_status":"open","ping_status":"open","sticky":false,"template":"","format":"standard","meta":{"footnotes":""},"categories":[16,4],"tags":[],"class_list":["post-18831","post","type-post","status-publish","format-standard","has-post-thumbnail","hentry","category-comunicamos","category-noticias","xfolkentry"],"_links":{"self":[{"href":"https:\/\/www.ambienteyenergia.gob.ec\/ambiente\/wp-json\/wp\/v2\/posts\/18831","targetHints":{"allow":["GET"]}}],"collection":[{"href":"https:\/\/www.ambienteyenergia.gob.ec\/ambiente\/wp-json\/wp\/v2\/posts"}],"about":[{"href":"https:\/\/www.ambienteyenergia.gob.ec\/ambiente\/wp-json\/wp\/v2\/types\/post"}],"author":[{"embeddable":true,"href":"https:\/\/www.ambienteyenergia.gob.ec\/ambiente\/wp-json\/wp\/v2\/users\/13"}],"replies":[{"embeddable":true,"href":"https:\/\/www.ambienteyenergia.gob.ec\/ambiente\/wp-json\/wp\/v2\/comments?post=18831"}],"version-history":[{"count":0,"href":"https:\/\/www.ambienteyenergia.gob.ec\/ambiente\/wp-json\/wp\/v2\/posts\/18831\/revisions"}],"wp:featuredmedia":[{"embeddable":true,"href":"https:\/\/www.ambienteyenergia.gob.ec\/ambiente\/wp-json\/wp\/v2\/media\/18835"}],"wp:attachment":[{"href":"https:\/\/www.ambienteyenergia.gob.ec\/ambiente\/wp-json\/wp\/v2\/media?parent=18831"}],"wp:term":[{"taxonomy":"category","embeddable":true,"href":"https:\/\/www.ambienteyenergia.gob.ec\/ambiente\/wp-json\/wp\/v2\/categories?post=18831"},{"taxonomy":"post_tag","embeddable":true,"href":"https:\/\/www.ambienteyenergia.gob.ec\/ambiente\/wp-json\/wp\/v2\/tags?post=18831"}],"curies":[{"name":"wp","href":"https:\/\/api.w.org\/{rel}","templated":true}]}}