{"id":18829,"date":"2014-03-20T16:34:55","date_gmt":"2014-03-20T21:34:55","guid":{"rendered":"http:\/\/www.ambiente.gob.ec\/?p=18829"},"modified":"2014-03-21T16:44:31","modified_gmt":"2014-03-21T21:44:31","slug":"mae-promueva-la-disminucion-de-fundas-plasticas-en-galapagos","status":"publish","type":"post","link":"https:\/\/www.ambienteyenergia.gob.ec\/ambiente\/mae-promueva-la-disminucion-de-fundas-plasticas-en-galapagos\/","title":{"rendered":"MAE lidera proyecto para eliminar fundas pl\u00e1sticas en Gal\u00e1pagos"},"content":{"rendered":"<p style=\"text-align: justify;\"><strong><i>La iniciativa de la Autoridad Ambiental est\u00e1 siendo impulsada por los organismos competentes de la pol\u00edtica p\u00fablica en el archipi\u00e9lago.<\/i>\u00a0<\/strong><\/p>\n<p style=\"text-align: justify;\">El Ministerio del Ambiente del Ecuador (MAE), a trav\u00e9s de la Direcci\u00f3n del Parque Nacional Gal\u00e1pagos (DPNG), luego de tres a\u00f1os de acercamiento con los actores sociales competentes para el establecimiento de pol\u00edticas p\u00fablicas, finalmente pondr\u00e1 en ejecuci\u00f3n el proyecto de reducci\u00f3n del uso de fundas pl\u00e1sticas en el archipi\u00e9lago, con el apoyo de diferentes instituciones y organizaciones como el Consejo de Gobierno, Fondo Mundial para la Naturaleza (WWF), Ministerio de Turismo y Gobiernos Aut\u00f3nomos Municipales.<\/p>\n<p style=\"text-align: justify;\">En el 2011, la DPNG realiz\u00f3 un estudio para determinar el nivel de consumo de fundas pl\u00e1sticas tipo camiseta en la comunidad galapague\u00f1a, la forma en la que impacta en la econom\u00eda de los comerciantes, las posibles alternativas de reemplazo, etc., que le permita a la autoridad ambiental en las islas implementar acciones para reducir este consumo.<\/p>\n<p style=\"text-align: justify;\">El diagn\u00f3stico del estudio, entre otras cosas, evidenci\u00f3 que aproximadamente cada familia de Gal\u00e1pagos consume dos fundas pl\u00e1sticas tipo camiseta al d\u00eda, lo que significa un total de 4.5 millones de fundas pl\u00e1sticas al a\u00f1o.<\/p>\n<p style=\"text-align: justify;\">Ni en la provincia de Gal\u00e1pagos, ni en ninguna otra parte del Ecuador, existe una legislaci\u00f3n que proh\u00edba o norme la utilizaci\u00f3n de fundas pl\u00e1sticas para compras. Existen iniciativas aisladas para promover el uso de fundas de tela como una alternativa para reducir su consumo pero la medida ha sido opcional.<\/p>\n<p style=\"text-align: justify;\">En ese sentido, el Ministerio del Ambiente, gestor de las pol\u00edticas ambientales \u00a0nacionales, desde el 2013 impulsa un programa nacional denominado \u201cUna funda por el planeta\u201d cuyo objetivo es el consumo responsable de fundas pl\u00e1sticas, que en sus primeros seis meses de aplicaci\u00f3n disminuy\u00f3 el consumo de un mill\u00f3n de fundas a nivel nacional.<\/p>\n<p style=\"text-align: justify;\">Con el apoyo reciente recibido por parte de varias instituciones en Gal\u00e1pagos, la DPNG pondr\u00e1 en ejecuci\u00f3n la campa\u00f1a \u201cNo te confundas, \u00e9sta es la funda\u201d, a trav\u00e9s de la cual se entregar\u00e1 a cada una de las 6 300 familias de Gal\u00e1pagos una bolsa de tela para sus compras regulares, evitando el consumo de fundas pl\u00e1sticas. La campa\u00f1a incluye plan de difusi\u00f3n en medios de comunicaci\u00f3n y de educaci\u00f3n ambiental.<\/p>\n<p style=\"text-align: justify;\">En t\u00e9rminos econ\u00f3micos, si la campa\u00f1a resulta efectiva implicar\u00eda el ahorro de aproximadamente 130 mil d\u00f3lares anuales por parte de los comerciantes del archipi\u00e9lago.<\/p>\n<p style=\"text-align: justify;\"><a href=\"http:\/\/www.ambienteyenergia.gob.ec\/ambiente\/wp-content\/uploads\/2014\/03\/no-use-fundas-plasticas.jpg\"><img loading=\"lazy\" decoding=\"async\" class=\"aligncenter size-full wp-image-18874\" alt=\"no-use-fundas-plasticas\" src=\"http:\/\/www.ambienteyenergia.gob.ec\/ambiente\/wp-content\/uploads\/2014\/03\/no-use-fundas-plasticas.jpg\" width=\"670\" height=\"370\" srcset=\"https:\/\/www.ambienteyenergia.gob.ec\/ambiente\/wp-content\/uploads\/sites\/2\/2014\/03\/no-use-fundas-plasticas.jpg 670w, https:\/\/www.ambienteyenergia.gob.ec\/ambiente\/wp-content\/uploads\/sites\/2\/2014\/03\/no-use-fundas-plasticas-300x165.jpg 300w, https:\/\/www.ambienteyenergia.gob.ec\/ambiente\/wp-content\/uploads\/sites\/2\/2014\/03\/no-use-fundas-plasticas-500x276.jpg 500w\" sizes=\"auto, (max-width: 670px) 100vw, 670px\" \/><\/a><\/p>\n","protected":false},"excerpt":{"rendered":"<p class=\"excerpt\">La iniciativa de la Autoridad Ambiental est\u00e1 siendo impulsada por los organismos competentes de la pol\u00edtica p\u00fablica en el archipi\u00e9lago.\u00a0 El Ministerio del Ambiente del Ecuador (MAE), a trav\u00e9s de la Direcci\u00f3n del Parque Nacional Gal\u00e1pagos (DPNG), luego de tres a\u00f1os de acercamiento con los actores sociales competentes para el establecimiento de pol\u00edticas p\u00fablicas, finalmente pondr\u00e1 en ejecuci\u00f3n el proyecto&hellip; <a href=\"https:\/\/www.ambienteyenergia.gob.ec\/ambiente\/mae-promueva-la-disminucion-de-fundas-plasticas-en-galapagos\/\">Read more &rarr;<\/a><\/p>\n","protected":false},"author":13,"featured_media":18349,"comment_status":"open","ping_status":"open","sticky":false,"template":"","format":"standard","meta":{"footnotes":""},"categories":[16,4],"tags":[],"class_list":["post-18829","post","type-post","status-publish","format-standard","has-post-thumbnail","hentry","category-comunicamos","category-noticias","xfolkentry"],"_links":{"self":[{"href":"https:\/\/www.ambienteyenergia.gob.ec\/ambiente\/wp-json\/wp\/v2\/posts\/18829","targetHints":{"allow":["GET"]}}],"collection":[{"href":"https:\/\/www.ambienteyenergia.gob.ec\/ambiente\/wp-json\/wp\/v2\/posts"}],"about":[{"href":"https:\/\/www.ambienteyenergia.gob.ec\/ambiente\/wp-json\/wp\/v2\/types\/post"}],"author":[{"embeddable":true,"href":"https:\/\/www.ambienteyenergia.gob.ec\/ambiente\/wp-json\/wp\/v2\/users\/13"}],"replies":[{"embeddable":true,"href":"https:\/\/www.ambienteyenergia.gob.ec\/ambiente\/wp-json\/wp\/v2\/comments?post=18829"}],"version-history":[{"count":0,"href":"https:\/\/www.ambienteyenergia.gob.ec\/ambiente\/wp-json\/wp\/v2\/posts\/18829\/revisions"}],"wp:featuredmedia":[{"embeddable":true,"href":"https:\/\/www.ambienteyenergia.gob.ec\/ambiente\/wp-json\/wp\/v2\/media\/18349"}],"wp:attachment":[{"href":"https:\/\/www.ambienteyenergia.gob.ec\/ambiente\/wp-json\/wp\/v2\/media?parent=18829"}],"wp:term":[{"taxonomy":"category","embeddable":true,"href":"https:\/\/www.ambienteyenergia.gob.ec\/ambiente\/wp-json\/wp\/v2\/categories?post=18829"},{"taxonomy":"post_tag","embeddable":true,"href":"https:\/\/www.ambienteyenergia.gob.ec\/ambiente\/wp-json\/wp\/v2\/tags?post=18829"}],"curies":[{"name":"wp","href":"https:\/\/api.w.org\/{rel}","templated":true}]}}