{"id":18822,"date":"2014-03-20T11:50:39","date_gmt":"2014-03-20T16:50:39","guid":{"rendered":"http:\/\/www.ambiente.gob.ec\/?p=18822"},"modified":"2014-03-20T20:52:46","modified_gmt":"2014-03-21T01:52:46","slug":"la-arquidiocesis-de-quito-se-une-a-la-campana-tradicion-y-conservacion-van-de-la-mano","status":"publish","type":"post","link":"https:\/\/www.ambienteyenergia.gob.ec\/ambiente\/la-arquidiocesis-de-quito-se-une-a-la-campana-tradicion-y-conservacion-van-de-la-mano\/","title":{"rendered":"La Arquidi\u00f3cesis de Quito se une a la campa\u00f1a &#8216;Tradici\u00f3n y Conservaci\u00f3n van de la mano&#8217;"},"content":{"rendered":"<p align=\"JUSTIFY\">En el marco de la campa\u00f1a tradici\u00f3n y conservaci\u00f3n van de la mano impulsada por el Ministerio del Ambiente, a trav\u00e9s de la Direcci\u00f3n ambiental de Pichincha, efectu\u00f3 ayer, una capacitaci\u00f3n encabezada por Santiago Tapia, Director provincial de Pichincha junto con el Mons. Fausto Gabriel Traves Traves, Arzobispo de Quito; Mons. Danilo Echeverr\u00eda, Pastoral Familia y Mons. Ren\u00e9 Coba, Encargo de Encargo de los laicos, y que cont\u00f3 con la presencia de 180 sacerdotes aproximadamente.<\/p>\n<p align=\"JUSTIFY\">En la socializaci\u00f3n, que tuvo lugar en el Seminario Mayor de Quito, se dio a conocer sobre la campa\u00f1a que tiene como principal objetivo concienciar a la poblaci\u00f3n sobre la importancia de preservar la palma de cerca, evitando la comercializaci\u00f3n de ramos utilizados en la celebraci\u00f3n del Domingo de Ramos.<\/p>\n<p align=\"JUSTIFY\">Santiago Tapia asegur\u00f3 que \u201cal ser la iglesia un actor fundamental en esta celebraci\u00f3n cat\u00f3lica, se deben crear alianzas estrat\u00e9gicas para concienciar al mayor n\u00famero de personas, y as\u00ed con ayuda de los sacerdotes dar a conocer las alternativas artesanales que tenemos para hacer la ese d\u00eda una tradici\u00f3n con conciencia ambiental\u201d.<\/p>\n<p align=\"JUSTIFY\">Es por tal motivo que durante la reuni\u00f3n se explic\u00f3 los graves efectos de la utilizaci\u00f3n de la palma de cera, amenazada principalmente por la deforestaci\u00f3n masiva de los bosques andinos. Esta especie de palma es el habitad y principal recurso alimenticio del Loro Orejiamarillo y del Perico Cachetidorado, espec\u00edmenes en grave peligro de extinci\u00f3n.<\/p>\n<p align=\"JUSTIFY\">Adem\u00e1s, Tapia explic\u00f3 a los asistentes que existen materiales alternativos para la elaboraci\u00f3n de los ramos de palma como el romero, el array\u00e1n, manzanilla, hojas y flores de ma\u00edz, totora, paja, cipr\u00e9s, entre muchas otras.<\/p>\n<p align=\"JUSTIFY\">Al culminar la intervenci\u00f3n del director provincial del ambiente, el Mons. Fausto Traves felicit\u00f3 la iniciativa impulsada por el MAE y el acercamiento que se ha tenido con este sector, asegurando que \u201clos ciudadanos, en conjunto con la iglesia, somos los encargados de preservar el ambiente, concienciando el cuidado y conservaci\u00f3n de la palma en esta celebraci\u00f3n cat\u00f3lica con ramos y no con ramas\u201d.<\/p>\n<p align=\"JUSTIFY\">Al finalizar se entreg\u00f3, a los sacerdotes presentes, material de esta campa\u00f1a que se la realiza a nivel nacional, por medio de las diferentes direcciones provinciales, desde el 10 de marzo.<\/p>\n","protected":false},"excerpt":{"rendered":"<p class=\"excerpt\">En el marco de la campa\u00f1a tradici\u00f3n y conservaci\u00f3n van de la mano impulsada por el Ministerio del Ambiente, a trav\u00e9s de la Direcci\u00f3n ambiental de Pichincha, efectu\u00f3 ayer, una capacitaci\u00f3n encabezada por Santiago Tapia, Director provincial de Pichincha junto con el Mons. Fausto Gabriel Traves Traves, Arzobispo de Quito; Mons. Danilo Echeverr\u00eda, Pastoral Familia y Mons. Ren\u00e9 Coba, Encargo&hellip; <a href=\"https:\/\/www.ambienteyenergia.gob.ec\/ambiente\/la-arquidiocesis-de-quito-se-une-a-la-campana-tradicion-y-conservacion-van-de-la-mano\/\">Read more &rarr;<\/a><\/p>\n","protected":false},"author":13,"featured_media":18823,"comment_status":"open","ping_status":"open","sticky":false,"template":"","format":"standard","meta":{"footnotes":""},"categories":[16,4],"tags":[],"class_list":["post-18822","post","type-post","status-publish","format-standard","has-post-thumbnail","hentry","category-comunicamos","category-noticias","xfolkentry"],"_links":{"self":[{"href":"https:\/\/www.ambienteyenergia.gob.ec\/ambiente\/wp-json\/wp\/v2\/posts\/18822","targetHints":{"allow":["GET"]}}],"collection":[{"href":"https:\/\/www.ambienteyenergia.gob.ec\/ambiente\/wp-json\/wp\/v2\/posts"}],"about":[{"href":"https:\/\/www.ambienteyenergia.gob.ec\/ambiente\/wp-json\/wp\/v2\/types\/post"}],"author":[{"embeddable":true,"href":"https:\/\/www.ambienteyenergia.gob.ec\/ambiente\/wp-json\/wp\/v2\/users\/13"}],"replies":[{"embeddable":true,"href":"https:\/\/www.ambienteyenergia.gob.ec\/ambiente\/wp-json\/wp\/v2\/comments?post=18822"}],"version-history":[{"count":0,"href":"https:\/\/www.ambienteyenergia.gob.ec\/ambiente\/wp-json\/wp\/v2\/posts\/18822\/revisions"}],"wp:featuredmedia":[{"embeddable":true,"href":"https:\/\/www.ambienteyenergia.gob.ec\/ambiente\/wp-json\/wp\/v2\/media\/18823"}],"wp:attachment":[{"href":"https:\/\/www.ambienteyenergia.gob.ec\/ambiente\/wp-json\/wp\/v2\/media?parent=18822"}],"wp:term":[{"taxonomy":"category","embeddable":true,"href":"https:\/\/www.ambienteyenergia.gob.ec\/ambiente\/wp-json\/wp\/v2\/categories?post=18822"},{"taxonomy":"post_tag","embeddable":true,"href":"https:\/\/www.ambienteyenergia.gob.ec\/ambiente\/wp-json\/wp\/v2\/tags?post=18822"}],"curies":[{"name":"wp","href":"https:\/\/api.w.org\/{rel}","templated":true}]}}