{"id":18819,"date":"2014-03-20T13:42:58","date_gmt":"2014-03-20T18:42:58","guid":{"rendered":"http:\/\/www.ambiente.gob.ec\/?p=18819"},"modified":"2014-03-20T18:40:32","modified_gmt":"2014-03-20T23:40:32","slug":"la-hora-del-planeta-busca-que-galapagos-sea-la-primera-provincia-del-ecuador-en-dejar-de-usar-fundas-plasticas","status":"publish","type":"post","link":"https:\/\/www.ambienteyenergia.gob.ec\/ambiente\/la-hora-del-planeta-busca-que-galapagos-sea-la-primera-provincia-del-ecuador-en-dejar-de-usar-fundas-plasticas\/","title":{"rendered":"&#8216;La Hora del Planeta&#8217; busca que Gal\u00e1pagos sea la primera provincia del Ecuador en dejar de usar fundas pl\u00e1sticas"},"content":{"rendered":"<p style=\"text-align: justify;\">Hoy, el Ministerio del Ambiente del Ecuador (MAE) en coordinaci\u00f3n con la WWF, el Consejo de Gobierno de Gal\u00e1pagos e integrantes de Verde 70, presentaron en rueda de prensa la campa\u00f1a &#8216;La Hora del Planeta&#8217;, una iniciativa global a favor del ambiente, que este a\u00f1o se concentrar\u00e1 en Gal\u00e1pagos, con la finalidad de concienciar a la ciudadan\u00eda para que reduzca progresivamente el uso de fundas pl\u00e1sticas en las Islas.<\/p>\n<p style=\"text-align: justify;\">Si bien, Ecuador se ha sumado a esta iniciativa mundial desde el 2008, realizando actividades espor\u00e1dicas, este a\u00f1o el MAE lidera la campa\u00f1a, para lo cual realizar\u00e1 un emotivo evento en Gal\u00e1pagos, el 29 de marzo desde las 20:30 hasta las 21:30, en el Parque San Francisco de Puerto Ayora, en Santa Cruz. La finalidad es promover el retiro de fundas pl\u00e1sticas, vasos y sorbetes con la comunidad local y nacional. El acto central ser\u00e1 un apag\u00f3n de velas y contar\u00e1 con la participaci\u00f3n del grupo ecuatoriano Verde 70.<\/p>\n<p style=\"text-align: justify;\">En su intervenci\u00f3n, la Ministra del Ambiente, Lorena Tapia, asegur\u00f3 que &#8216;La Hora del Planeta&#8217; busca convertir a Gal\u00e1pagos en la primera provincia del Ecuador en dejar de usar fundas pl\u00e1sticas. \u00abA trav\u00e9s de esta acci\u00f3n queremos que la poblaci\u00f3n de Gal\u00e1pagos se involucre y comparta su ejemplo con el mundo entero\u00bb.<\/p>\n<p style=\"text-align: justify;\">Asimismo, la Ministra Tapia, inform\u00f3 que si bien esta campa\u00f1a se enfoca en Gal\u00e1pagos, el MAE est\u00e1 trabajando en una pol\u00edtica p\u00fablica y en un Plan Nacional de Gesti\u00f3n Integral de Desechos S\u00f3lidos, que va desde la generaci\u00f3n de residuos hasta la disposici\u00f3n final. \u00abLa decisi\u00f3n que se ha tomado desde el Gobierno y que va a ser liderado por el MAE a nivel nacional, es que vamos a ir hacia la reducci\u00f3n y progresiva eliminaci\u00f3n del 8% que representan las fundas pl\u00e1sticas, usadas principalmente en los supermercados\u00bb. El porcentaje restante de fundas pl\u00e1sticas tendr\u00e1 una un tratamiento diferente con el mismo prop\u00f3sito.<\/p>\n<p style=\"text-align: justify;\">\u00abNo hay mejor trabajo que el que se realiza en conjunto con los diferentes actores de la sociedad. Por ello, invit\u00f3 a la ciudadan\u00eda a ser part\u00edcipes de esta iniciativa que representa un paso m\u00e1s en la b\u00fasqueda de seres humanos m\u00e1s conscientes y responsables con el ambiente\u00bb, recalc\u00f3 Tapia.<\/p>\n<p style=\"text-align: justify;\">Por su parte, David Moreno, Secretario T\u00e9cnico del Consejo de Gobierno de Gal\u00e1pagos, afirm\u00f3 que \u00abla idea es concienciar a la gente especialmente de Gal\u00e1pagos, puesto que el uso de fundas pl\u00e1sticas afectan a las especies que habitan en este ecosistema\u00bb.<\/p>\n<p style=\"text-align: justify;\">La Hora del Planeta quiere involucrar a todos en el tema de conservaci\u00f3n del ambiente. Por ello, Eli\u00e9cer Cruz, Director Ecorregional de WWF Programa Gal\u00e1pagos, invit\u00f3 a reflexionar a la poblaci\u00f3n sobre el da\u00f1o que causa este material contaminante en la fauna marina.<\/p>\n","protected":false},"excerpt":{"rendered":"<p class=\"excerpt\">Hoy, el Ministerio del Ambiente del Ecuador (MAE) en coordinaci\u00f3n con la WWF, el Consejo de Gobierno de Gal\u00e1pagos e integrantes de Verde 70, presentaron en rueda de prensa la campa\u00f1a &#8216;La Hora del Planeta&#8217;, una iniciativa global a favor del ambiente, que este a\u00f1o se concentrar\u00e1 en Gal\u00e1pagos, con la finalidad de concienciar a la ciudadan\u00eda para que reduzca&hellip; <a href=\"https:\/\/www.ambienteyenergia.gob.ec\/ambiente\/la-hora-del-planeta-busca-que-galapagos-sea-la-primera-provincia-del-ecuador-en-dejar-de-usar-fundas-plasticas\/\">Read more &rarr;<\/a><\/p>\n","protected":false},"author":13,"featured_media":18820,"comment_status":"open","ping_status":"open","sticky":false,"template":"","format":"standard","meta":{"footnotes":""},"categories":[16,4],"tags":[],"class_list":["post-18819","post","type-post","status-publish","format-standard","has-post-thumbnail","hentry","category-comunicamos","category-noticias","xfolkentry"],"_links":{"self":[{"href":"https:\/\/www.ambienteyenergia.gob.ec\/ambiente\/wp-json\/wp\/v2\/posts\/18819","targetHints":{"allow":["GET"]}}],"collection":[{"href":"https:\/\/www.ambienteyenergia.gob.ec\/ambiente\/wp-json\/wp\/v2\/posts"}],"about":[{"href":"https:\/\/www.ambienteyenergia.gob.ec\/ambiente\/wp-json\/wp\/v2\/types\/post"}],"author":[{"embeddable":true,"href":"https:\/\/www.ambienteyenergia.gob.ec\/ambiente\/wp-json\/wp\/v2\/users\/13"}],"replies":[{"embeddable":true,"href":"https:\/\/www.ambienteyenergia.gob.ec\/ambiente\/wp-json\/wp\/v2\/comments?post=18819"}],"version-history":[{"count":0,"href":"https:\/\/www.ambienteyenergia.gob.ec\/ambiente\/wp-json\/wp\/v2\/posts\/18819\/revisions"}],"wp:featuredmedia":[{"embeddable":true,"href":"https:\/\/www.ambienteyenergia.gob.ec\/ambiente\/wp-json\/wp\/v2\/media\/18820"}],"wp:attachment":[{"href":"https:\/\/www.ambienteyenergia.gob.ec\/ambiente\/wp-json\/wp\/v2\/media?parent=18819"}],"wp:term":[{"taxonomy":"category","embeddable":true,"href":"https:\/\/www.ambienteyenergia.gob.ec\/ambiente\/wp-json\/wp\/v2\/categories?post=18819"},{"taxonomy":"post_tag","embeddable":true,"href":"https:\/\/www.ambienteyenergia.gob.ec\/ambiente\/wp-json\/wp\/v2\/tags?post=18819"}],"curies":[{"name":"wp","href":"https:\/\/api.w.org\/{rel}","templated":true}]}}