{"id":18811,"date":"2014-03-19T10:40:01","date_gmt":"2014-03-19T15:40:01","guid":{"rendered":"http:\/\/www.ambiente.gob.ec\/?p=18811"},"modified":"2014-03-19T10:54:53","modified_gmt":"2014-03-19T15:54:53","slug":"la-hora-del-planeta-se-toma-galapagos","status":"publish","type":"post","link":"https:\/\/www.ambienteyenergia.gob.ec\/ambiente\/la-hora-del-planeta-se-toma-galapagos\/","title":{"rendered":"\u201cLa Hora del Planeta\u201d se toma Gal\u00e1pagos"},"content":{"rendered":"<p lang=\"es-ES\" align=\"JUSTIFY\"><span style=\"font-family: Helvetica, sans-serif;\"><span>El Ministerio de Ambiente (MAE), a trav\u00e9s de la Direcci\u00f3n del Parque Nacional Gal\u00e1pagos (DPNG), el Consejo de Gobierno del R\u00e9gimen Especial Gal\u00e1pagos (CGREG) y <span style=\"color: #222222;\">World Wildlife Fund (WWF)<\/span> se unen este 2014 para articular esfuerzos enfocados en la conservaci\u00f3n de Gal\u00e1pagos.<\/span><\/span><\/p>\n<p lang=\"es-ES\" align=\"JUSTIFY\"><span style=\"font-family: Helvetica, sans-serif;\"><span>El Gobierno de Gal\u00e1pagos como ente rector de la planificaci\u00f3n y el manejo de los recursos en las islas ha desarrollado una serie de acciones con el fin de dar soluci\u00f3n al problema ambiental que producen los pl\u00e1sticos en ecosistemas fr\u00e1giles como el de Gal\u00e1pagos. Los esfuerzos mancomunados como la \u201cHora del Planeta\u201d son vitales para cumplir con dicho objetivo. <\/span><\/span><\/p>\n<p lang=\"es-ES\" align=\"JUSTIFY\"><span style=\"font-family: Helvetica, sans-serif;\"><span>Es as\u00ed que el movimiento ambiental m\u00e1s grande del mundo conocido como la \u201cHora del Planeta\u201d apoyar\u00e1 acciones de las instituciones involucradas para convertir a la Provincia de Gal\u00e1pagos en un ejemplo mundial del Buen Vivir. Adem\u00e1s este a\u00f1o, la banda ecuatoriana Verde 70, ser\u00e1 el embajador nacional de esta iniciativa de car\u00e1cter global.<\/span><\/span><\/p>\n<p lang=\"es-ES\" align=\"JUSTIFY\"><strong><span style=\"font-family: Helvetica, sans-serif;\">Por tal motivo, la WWF invita a la rueda de prensa que se llevar\u00e1 a cabo el d\u00eda jueves 20 de marzo, a partir de las 09:00, en el Jard\u00edn Bot\u00e1nico de Quito, para dar a conocer la iniciativa \u201cLa Hora del Planeta\u201d.<\/span><\/strong><\/p>\n<p lang=\"es-ES\" align=\"JUSTIFY\"><strong><span style=\"font-family: Helvetica, sans-serif;\">El evento contar\u00e1 con la presencia de:<\/span><\/strong><\/p>\n<ul>\n<li>\n<p lang=\"es-EC\" align=\"JUSTIFY\"><span style=\"font-family: Helvetica, sans-serif;\"><span>Ministra de Ambiente del Ecuador, Lorena Tapia<\/span><\/span><\/p>\n<\/li>\n<li>\n<p lang=\"es-EC\" align=\"JUSTIFY\"><span style=\"font-family: Helvetica, sans-serif;\"><span>Ministra Presidenta del Consejo de Gobierno de Gal\u00e1pagos, Mar\u00eda Isabel Salvador<\/span><\/span><\/p>\n<\/li>\n<li>\n<p lang=\"es-EC\" align=\"JUSTIFY\"><span style=\"font-family: Helvetica, sans-serif;\"><span>Director Ecorregional de WWF, Eli\u00e9cer Cruz<\/span><\/span><\/p>\n<\/li>\n<li>\n<p lang=\"es-EC\" align=\"JUSTIFY\"><span style=\"font-family: Helvetica, sans-serif;\"><span>Verde 70, embajadores nacionales de La Hora del Planeta<\/span><\/span><\/p>\n<\/li>\n<\/ul>\n<p lang=\"es-ES\" align=\"JUSTIFY\"><strong><span style=\"font-family: Helvetica, sans-serif;\">\u00bfQu\u00e9 es la Hora del Planeta?<\/span><\/strong><\/p>\n<p lang=\"es-ES\" align=\"JUSTIFY\"><span style=\"font-family: Helvetica, sans-serif;\"><span>En un llamado a la reflexi\u00f3n y acci\u00f3n de la comunidad civil frente al cambio clim\u00e1tico, La Hora del Planeta ha evolucionado desde sus inicios en el 2007 en Sydney (Australia) como un evento simb\u00f3lico, hasta convertirse en un movimiento global que involucra a millones de personas en m\u00e1s de 7000 ciudades y 154 pa\u00edses.<\/span><\/span><\/p>\n<p align=\"JUSTIFY\"><span style=\"font-family: Helvetica, sans-serif;\"><span>Este a\u00f1o, la Hora evoluciona y cambia a Hora del Planeta Azul. \u00bfLa idea? Pasar de un movimiento a una acci\u00f3n, a la soluci\u00f3n y a la pr\u00e1ctica! Las oficinas de WWF en todo el mundo, a trav\u00e9s de la plataforma digital de <i>crowdsourcing o crowdfunding<\/i> a nivel internacional, se proponen a que personas provenientes de todas partes del mundo apoyen propuestas ambientales enfocadas en proyectos pr\u00e1cticos.<\/span><\/span><\/p>\n<p lang=\"es-ES\" align=\"JUSTIFY\"><span style=\"font-family: Helvetica, sans-serif;\"><span>Adicionalmente, en una alianza que representa la primera en su clase el Hombre Ara\u00f1a se convierte en el primer superh\u00e9roe embajador de La Hora del Planeta. Este reconocido personaje se dirige a la comunidad mundial con un mensaje inspirador: \u201cTodos podemos ser superh\u00e9roes cuando nos damos cuenta del poder que tenemos\u201d, dijo Andrew Garfield, quien interpreta al Hombre Ara\u00f1a en la esperada pel\u00edcula de Sony Pictures Internacional.<\/span><\/span><\/p>\n<p lang=\"es-ES\" align=\"JUSTIFY\"><span style=\"font-family: Helvetica, sans-serif;\"><span>Conoce m\u00e1s sobre La Hora del planeta y visita nuestros portales oficiales en :<\/span><\/span><\/p>\n<p lang=\"es-ES\" align=\"JUSTIFY\"><span style=\"font-family: Helvetica, sans-serif;\"><span><a href=\"http:\/\/www.horadelplanetaecuador.org\/\">http:\/\/www.horadelplanetaecuador.org<\/a><\/span><\/span><\/p>\n<p lang=\"es-ES\" align=\"JUSTIFY\"><span style=\"font-family: Helvetica, sans-serif;\"><span>Facebook: Hora del Planeta Ecuador<\/span><\/span><\/p>\n<p lang=\"es-ES\" align=\"JUSTIFY\"><span style=\"font-family: Helvetica, sans-serif;\"><span>Twitter: @HoraPlanetaECU<\/span><\/span><\/p>\n<p lang=\"es-ES\" align=\"JUSTIFY\"><span style=\"font-family: Helvetica, sans-serif;\"><span><a href=\"http:\/\/www.youtube.com\/watch?v=HtRdg4zrZ90\">http:\/\/www.youtube.com\/watch?v=HtRdg4zrZ90<\/a><\/span><\/span><\/p>\n<p lang=\"es-ES\" align=\"JUSTIFY\"><span style=\"font-family: Helvetica, sans-serif;\"><span><a href=\"http:\/\/www.earthhour.org\/\">http:\/\/www.earthhour.org\/<\/a><\/span><\/span><\/p>\n","protected":false},"excerpt":{"rendered":"<p class=\"excerpt\">El Ministerio de Ambiente (MAE), a trav\u00e9s de la Direcci\u00f3n del Parque Nacional Gal\u00e1pagos (DPNG), el Consejo de Gobierno del R\u00e9gimen Especial Gal\u00e1pagos (CGREG) y World Wildlife Fund (WWF) se unen este 2014 para articular esfuerzos enfocados en la conservaci\u00f3n de Gal\u00e1pagos. El Gobierno de Gal\u00e1pagos como ente rector de la planificaci\u00f3n y el manejo de los recursos en las&hellip; <a href=\"https:\/\/www.ambienteyenergia.gob.ec\/ambiente\/la-hora-del-planeta-se-toma-galapagos\/\">Read more &rarr;<\/a><\/p>\n","protected":false},"author":13,"featured_media":18813,"comment_status":"open","ping_status":"open","sticky":false,"template":"","format":"standard","meta":{"footnotes":""},"categories":[16,4],"tags":[],"class_list":["post-18811","post","type-post","status-publish","format-standard","has-post-thumbnail","hentry","category-comunicamos","category-noticias","xfolkentry"],"_links":{"self":[{"href":"https:\/\/www.ambienteyenergia.gob.ec\/ambiente\/wp-json\/wp\/v2\/posts\/18811","targetHints":{"allow":["GET"]}}],"collection":[{"href":"https:\/\/www.ambienteyenergia.gob.ec\/ambiente\/wp-json\/wp\/v2\/posts"}],"about":[{"href":"https:\/\/www.ambienteyenergia.gob.ec\/ambiente\/wp-json\/wp\/v2\/types\/post"}],"author":[{"embeddable":true,"href":"https:\/\/www.ambienteyenergia.gob.ec\/ambiente\/wp-json\/wp\/v2\/users\/13"}],"replies":[{"embeddable":true,"href":"https:\/\/www.ambienteyenergia.gob.ec\/ambiente\/wp-json\/wp\/v2\/comments?post=18811"}],"version-history":[{"count":0,"href":"https:\/\/www.ambienteyenergia.gob.ec\/ambiente\/wp-json\/wp\/v2\/posts\/18811\/revisions"}],"wp:featuredmedia":[{"embeddable":true,"href":"https:\/\/www.ambienteyenergia.gob.ec\/ambiente\/wp-json\/wp\/v2\/media\/18813"}],"wp:attachment":[{"href":"https:\/\/www.ambienteyenergia.gob.ec\/ambiente\/wp-json\/wp\/v2\/media?parent=18811"}],"wp:term":[{"taxonomy":"category","embeddable":true,"href":"https:\/\/www.ambienteyenergia.gob.ec\/ambiente\/wp-json\/wp\/v2\/categories?post=18811"},{"taxonomy":"post_tag","embeddable":true,"href":"https:\/\/www.ambienteyenergia.gob.ec\/ambiente\/wp-json\/wp\/v2\/tags?post=18811"}],"curies":[{"name":"wp","href":"https:\/\/api.w.org\/{rel}","templated":true}]}}