{"id":18799,"date":"2014-03-18T13:03:48","date_gmt":"2014-03-18T18:03:48","guid":{"rendered":"http:\/\/www.ambiente.gob.ec\/?p=18799"},"modified":"2014-03-18T15:59:13","modified_gmt":"2014-03-18T20:59:13","slug":"mae-y-banco-mundial-presentaron-resultados-de-proyecto-praa","status":"publish","type":"post","link":"https:\/\/www.ambienteyenergia.gob.ec\/ambiente\/mae-y-banco-mundial-presentaron-resultados-de-proyecto-praa\/","title":{"rendered":"MAE y Banco Mundial presentaron resultados de Proyecto PRAA"},"content":{"rendered":"<p style=\"text-align: justify;\">Hoy, el Ministerio del Ambiente del Ecuador (MAE) junto con el Banco Mundial present\u00f3 los resultados de procesos adaptativos, iniciados por el Proyecto de Adaptaci\u00f3n al Impacto del Retroceso Acelerado de Glaciares en los Andes Tropicales\u00a0 (PRAA), en el Sal\u00f3n Cayambe del\u00a0 Hotel Quito.<\/p>\n<p style=\"text-align: justify;\">El Proyecto PRAA en Ecuador trabaj\u00f3 durante un per\u00edodo de cinco a\u00f1os y medio, en temas\u00a0 referentes a adaptaci\u00f3n al cambio clim\u00e1tico en conjunto con diversas instituciones locales y nacionales, con el fin de\u00a0 generar un v\u00ednculo importante para\u00a0 el desarrollo laboral\u00a0 del\u00a0 cambio clim\u00e1tico \u2013 glaciares \u2013 p\u00e1ramos \u2013 disponibilidad de agua \u2013 medios de vida.<\/p>\n<p style=\"text-align: justify;\">Asimismo, el PRAA\u00a0 se destac\u00f3 por consolidar un adecuado monitoreo de los glaciares, gesti\u00f3n de actividades piloto de restauraci\u00f3n de p\u00e1ramos, trabajos adaptativos sobre los medios de vida comunitarios de los sectores pecuario, agr\u00edcola, ecoturismo, as\u00ed como la implementaci\u00f3n de medidas y pr\u00e1cticas de adaptaci\u00f3n para la conservaci\u00f3n de p\u00e1ramos, humedales,\u00a0 y\u00a0 la inclusi\u00f3n de la variable del cambio clim\u00e1tico en la planificaci\u00f3n del desarrollo a nivel local.<\/p>\n<p style=\"text-align: justify;\">En el evento particip\u00f3 Eduardo Noboa, Subsecretario de Cambio Clim\u00e1tico del MAE, quien explic\u00f3 que el Gobierno ha avanzado mucho en desarrollar y fortalecer sus marcos ambientales, regulatorios e institucionales.\u00a0 \u00abLa Constituci\u00f3n del Rep\u00fablica del Ecuador establece a la adaptaci\u00f3n y mitigaci\u00f3n al cambio clim\u00e1tico como una pol\u00edtica de estado. Hemos avanzado mucho en lo que se refiere a herramientas jur\u00eddicas y normativas, lo que nos permite estar preparados para enfrentar este fen\u00f3meno\u00bb, asegur\u00f3 Noboa.<\/p>\n<p style=\"text-align: justify;\">Finalmente, Noboa agradeci\u00f3 a todos los asistentes y los distintos actores del proyecto por su gran aporte; y se\u00f1al\u00f3 que \u00abel PRAA ha permitido entender que falta mucho por hacer y que se debe generar una pol\u00edtica nacional que nos ayude a conservar mejor los p\u00e1ramos, el agua, a establecer pol\u00edticas de uso y cambio de suelo en los diferentes niveles de las cuencas hidrogr\u00e1ficas\u00bb.<\/p>\n<p style=\"text-align: justify;\">Con esta jornada de trabajo que finalizar\u00e1 ma\u00f1ana (19 de marzo), se busca presentar caracter\u00edsticas y potencialidades de la red de monitoreo autom\u00e1tico de p\u00e1ramos y glaciares implementados y suscritos en la carta de compromiso para traspaso de dominio de estaciones y equipos de la red de monitoreo autom\u00e1tico de p\u00e1ramos y glaciares entre el MAE e INAMHI.<\/p>\n<div id='gallery-1' class='gallery galleryid-18799 gallery-columns-3 gallery-size-thumbnail'><dl class='gallery-item'>\n\t\t\t<dt class='gallery-icon landscape'>\n\t\t\t\t<a href='https:\/\/www.ambienteyenergia.gob.ec\/ambiente\/mae-y-banco-mundial-presentaron-resultados-de-proyecto-praa\/img_5963-2\/'><img loading=\"lazy\" decoding=\"async\" width=\"150\" height=\"150\" src=\"https:\/\/www.ambienteyenergia.gob.ec\/ambiente\/wp-content\/uploads\/sites\/2\/2014\/03\/IMG_59631-150x150.jpg\" class=\"attachment-thumbnail size-thumbnail\" alt=\"\" \/><\/a>\n\t\t\t<\/dt><\/dl><dl class='gallery-item'>\n\t\t\t<dt class='gallery-icon landscape'>\n\t\t\t\t<a href='https:\/\/www.ambienteyenergia.gob.ec\/ambiente\/mae-y-banco-mundial-presentaron-resultados-de-proyecto-praa\/img_5975\/'><img loading=\"lazy\" decoding=\"async\" width=\"150\" height=\"150\" src=\"https:\/\/www.ambienteyenergia.gob.ec\/ambiente\/wp-content\/uploads\/sites\/2\/2014\/03\/IMG_5975-150x150.jpg\" class=\"attachment-thumbnail size-thumbnail\" alt=\"\" \/><\/a>\n\t\t\t<\/dt><\/dl><dl class='gallery-item'>\n\t\t\t<dt class='gallery-icon landscape'>\n\t\t\t\t<a href='https:\/\/www.ambienteyenergia.gob.ec\/ambiente\/mae-y-banco-mundial-presentaron-resultados-de-proyecto-praa\/img_6042\/'><img loading=\"lazy\" decoding=\"async\" width=\"150\" height=\"150\" src=\"https:\/\/www.ambienteyenergia.gob.ec\/ambiente\/wp-content\/uploads\/sites\/2\/2014\/03\/IMG_6042-150x150.jpg\" class=\"attachment-thumbnail size-thumbnail\" alt=\"\" \/><\/a>\n\t\t\t<\/dt><\/dl><br style=\"clear: both\" \/>\n\t\t<\/div>\n\n","protected":false},"excerpt":{"rendered":"<p class=\"excerpt\">Hoy, el Ministerio del Ambiente del Ecuador (MAE) junto con el Banco Mundial present\u00f3 los resultados de procesos adaptativos, iniciados por el Proyecto de Adaptaci\u00f3n al Impacto del Retroceso Acelerado de Glaciares en los Andes Tropicales\u00a0 (PRAA), en el Sal\u00f3n Cayambe del\u00a0 Hotel Quito. El Proyecto PRAA en Ecuador trabaj\u00f3 durante un per\u00edodo de cinco a\u00f1os y medio, en temas\u00a0&hellip; <a href=\"https:\/\/www.ambienteyenergia.gob.ec\/ambiente\/mae-y-banco-mundial-presentaron-resultados-de-proyecto-praa\/\">Read more &rarr;<\/a><\/p>\n","protected":false},"author":13,"featured_media":18803,"comment_status":"open","ping_status":"open","sticky":false,"template":"","format":"standard","meta":{"footnotes":""},"categories":[16,4],"tags":[],"class_list":["post-18799","post","type-post","status-publish","format-standard","has-post-thumbnail","hentry","category-comunicamos","category-noticias","xfolkentry"],"_links":{"self":[{"href":"https:\/\/www.ambienteyenergia.gob.ec\/ambiente\/wp-json\/wp\/v2\/posts\/18799","targetHints":{"allow":["GET"]}}],"collection":[{"href":"https:\/\/www.ambienteyenergia.gob.ec\/ambiente\/wp-json\/wp\/v2\/posts"}],"about":[{"href":"https:\/\/www.ambienteyenergia.gob.ec\/ambiente\/wp-json\/wp\/v2\/types\/post"}],"author":[{"embeddable":true,"href":"https:\/\/www.ambienteyenergia.gob.ec\/ambiente\/wp-json\/wp\/v2\/users\/13"}],"replies":[{"embeddable":true,"href":"https:\/\/www.ambienteyenergia.gob.ec\/ambiente\/wp-json\/wp\/v2\/comments?post=18799"}],"version-history":[{"count":0,"href":"https:\/\/www.ambienteyenergia.gob.ec\/ambiente\/wp-json\/wp\/v2\/posts\/18799\/revisions"}],"wp:featuredmedia":[{"embeddable":true,"href":"https:\/\/www.ambienteyenergia.gob.ec\/ambiente\/wp-json\/wp\/v2\/media\/18803"}],"wp:attachment":[{"href":"https:\/\/www.ambienteyenergia.gob.ec\/ambiente\/wp-json\/wp\/v2\/media?parent=18799"}],"wp:term":[{"taxonomy":"category","embeddable":true,"href":"https:\/\/www.ambienteyenergia.gob.ec\/ambiente\/wp-json\/wp\/v2\/categories?post=18799"},{"taxonomy":"post_tag","embeddable":true,"href":"https:\/\/www.ambienteyenergia.gob.ec\/ambiente\/wp-json\/wp\/v2\/tags?post=18799"}],"curies":[{"name":"wp","href":"https:\/\/api.w.org\/{rel}","templated":true}]}}