{"id":18795,"date":"2014-03-18T11:20:38","date_gmt":"2014-03-18T16:20:38","guid":{"rendered":"http:\/\/www.ambiente.gob.ec\/?p=18795"},"modified":"2014-03-18T11:26:07","modified_gmt":"2014-03-18T16:26:07","slug":"mae-participa-en-programas-vacacionales-en-galapagos","status":"publish","type":"post","link":"https:\/\/www.ambienteyenergia.gob.ec\/ambiente\/mae-participa-en-programas-vacacionales-en-galapagos\/","title":{"rendered":"MAE participa en programas vacacionales en Gal\u00e1pagos"},"content":{"rendered":"<p style=\"text-align: justify;\"><strong>Autoridad Ambiental, municipios, Armada y otras instituciones brindan educaci\u00f3n y esparcimiento a los ni\u00f1os galapague\u00f1os en las vacaciones.<\/strong><\/p>\n<p style=\"text-align: justify;\">En Santa Cruz, ni\u00f1os de entre 8 y 12 a\u00f1os participan en los programas vacacionales organizados por los Gobierno Aut\u00f3nomos Descentralizados de Santa Cruz, que con el apoyo de la Direcci\u00f3n del Parque Nacional Gal\u00e1pagos (DPNG), la Armada del Ecuador, La Universidad Central del Ecuador, el Colegio Nacional Gal\u00e1pagos, World Wild Fund WWF, brindan un espacio de entretenimiento y educaci\u00f3n a los infantes de Gal\u00e1pagos.<\/p>\n<p style=\"text-align: justify;\">El Sal\u00f3n de la Ciudad, del Municipio de Santa Cruz, fue el punto de encuentro de cerca de 200 ni\u00f1os que este a\u00f1o participan en el programa Vacaciones Felices 2014, que cuenta con un grupo para menores de entre 8 y 9 a\u00f1os y otro para ni\u00f1os de entre 9 y 12 a\u00f1os.<\/p>\n<p style=\"text-align: justify;\">En esta nueva edici\u00f3n de Vacaciones felices, el Ministerio del Ambiente, a trav\u00e9s de la DPNG desarrollar\u00e1 el tema: La vitamina RRR corre por mis venas. Este tema incluir\u00e1 contenidos de reutilizaci\u00f3n, reducci\u00f3n y reciclaje de desechos. En este a\u00f1o se espera trabajar con un grupo de 70 infantes que, reunidos en la escuela Galo Plaza Lasso, se divertir\u00e1n con actividades deportivas, recreativas, art\u00edsticas y l\u00fadicas mientras aprenden, a trav\u00e9s de salidas de campo.<\/p>\n<p style=\"text-align: justify;\">Las actividades permitir\u00e1n a los ni\u00f1os aprovechar sus vacaciones con diversi\u00f3n y aprendizaje de lunes a viernes, entre las 08:30 y las 14:00, desde esta semana hasta el 11 de abril.<\/p>\n<p style=\"text-align: justify;\"><strong>San Crist\u00f3bal<\/strong><\/p>\n<p style=\"text-align: justify;\">De la misma manera, la\u00a0 Unidad T\u00e9cnica San Crist\u00f3bal, de la DPNG, inaugur\u00f3 el programa vacacional llamado Mi Peque\u00f1o Guardaparque, el cual est\u00e1 dirigido a menores de entre 8 y 12 a\u00f1os.<\/p>\n<p style=\"text-align: justify;\">En San Crist\u00f3bal, los guardaparqes del Ministerio del Ambiente, desarrollan por s\u00e9ptimo a\u00f1o consecutivo esta actividad, en esta ocasi\u00f3n con la participaci\u00f3n de 30 ni\u00f1os.<\/p>\n<p style=\"text-align: justify;\"><strong>Isabela<\/strong><\/p>\n<p style=\"text-align: justify;\">En la isla Isabela, la Direcci\u00f3n del Parque Nacional Gal\u00e1pagos inaugurar\u00e1 ma\u00f1ana el campamento vacacional 2014, con 40 ni\u00f1os de entre 8 y 12 a\u00f1os, inscritos hasta hoy de un cupo de 60 participantes.<\/p>\n<p style=\"text-align: justify;\">El tema a tratar este a\u00f1o es \u00abJugando a conservar la naturaleza\u00bb en el que los peque\u00f1os aprender\u00e1n a respetar y valorar su entorna natural a trav\u00e9s de diferentes pr\u00e1cticas art\u00edsticas y salidas de campo. En Isabela esta actividad cuenta con el apoyo de varias organizaciones.<\/p>\n<p style=\"text-align: justify;\">\n","protected":false},"excerpt":{"rendered":"<p class=\"excerpt\">Autoridad Ambiental, municipios, Armada y otras instituciones brindan educaci\u00f3n y esparcimiento a los ni\u00f1os galapague\u00f1os en las vacaciones. En Santa Cruz, ni\u00f1os de entre 8 y 12 a\u00f1os participan en los programas vacacionales organizados por los Gobierno Aut\u00f3nomos Descentralizados de Santa Cruz, que con el apoyo de la Direcci\u00f3n del Parque Nacional Gal\u00e1pagos (DPNG), la Armada del Ecuador, La Universidad&hellip; <a href=\"https:\/\/www.ambienteyenergia.gob.ec\/ambiente\/mae-participa-en-programas-vacacionales-en-galapagos\/\">Read more &rarr;<\/a><\/p>\n","protected":false},"author":13,"featured_media":18796,"comment_status":"open","ping_status":"open","sticky":false,"template":"","format":"standard","meta":{"footnotes":""},"categories":[16,4],"tags":[],"class_list":["post-18795","post","type-post","status-publish","format-standard","has-post-thumbnail","hentry","category-comunicamos","category-noticias","xfolkentry"],"_links":{"self":[{"href":"https:\/\/www.ambienteyenergia.gob.ec\/ambiente\/wp-json\/wp\/v2\/posts\/18795","targetHints":{"allow":["GET"]}}],"collection":[{"href":"https:\/\/www.ambienteyenergia.gob.ec\/ambiente\/wp-json\/wp\/v2\/posts"}],"about":[{"href":"https:\/\/www.ambienteyenergia.gob.ec\/ambiente\/wp-json\/wp\/v2\/types\/post"}],"author":[{"embeddable":true,"href":"https:\/\/www.ambienteyenergia.gob.ec\/ambiente\/wp-json\/wp\/v2\/users\/13"}],"replies":[{"embeddable":true,"href":"https:\/\/www.ambienteyenergia.gob.ec\/ambiente\/wp-json\/wp\/v2\/comments?post=18795"}],"version-history":[{"count":0,"href":"https:\/\/www.ambienteyenergia.gob.ec\/ambiente\/wp-json\/wp\/v2\/posts\/18795\/revisions"}],"wp:featuredmedia":[{"embeddable":true,"href":"https:\/\/www.ambienteyenergia.gob.ec\/ambiente\/wp-json\/wp\/v2\/media\/18796"}],"wp:attachment":[{"href":"https:\/\/www.ambienteyenergia.gob.ec\/ambiente\/wp-json\/wp\/v2\/media?parent=18795"}],"wp:term":[{"taxonomy":"category","embeddable":true,"href":"https:\/\/www.ambienteyenergia.gob.ec\/ambiente\/wp-json\/wp\/v2\/categories?post=18795"},{"taxonomy":"post_tag","embeddable":true,"href":"https:\/\/www.ambienteyenergia.gob.ec\/ambiente\/wp-json\/wp\/v2\/tags?post=18795"}],"curies":[{"name":"wp","href":"https:\/\/api.w.org\/{rel}","templated":true}]}}