{"id":18792,"date":"2014-03-17T18:29:30","date_gmt":"2014-03-17T23:29:30","guid":{"rendered":"http:\/\/www.ambiente.gob.ec\/?p=18792"},"modified":"2014-03-17T21:28:24","modified_gmt":"2014-03-18T02:28:24","slug":"ministra-lorena-tapia-resalto-la-gestion-del-ecuador-en-temas-de-biodiversidad-y-gestion-de-residuos-solidos-en-mexico","status":"publish","type":"post","link":"https:\/\/www.ambienteyenergia.gob.ec\/ambiente\/ministra-lorena-tapia-resalto-la-gestion-del-ecuador-en-temas-de-biodiversidad-y-gestion-de-residuos-solidos-en-mexico\/","title":{"rendered":"Ministra Lorena Tapia resalt\u00f3 la gesti\u00f3n del Ecuador en temas de biodiversidad y gesti\u00f3n de residuos s\u00f3lidos en M\u00e9xico"},"content":{"rendered":"<p style=\"text-align: justify;\">La Ministra de Ambiente, Lorena Tapia, en el marco de la visita oficial que realiz\u00f3 a M\u00e9xico para participar en la XIX Reuni\u00f3n del Foro de Ministros de Medio Ambiente para Am\u00e9rica Latina y el Caribe, resalt\u00f3 la reciente creaci\u00f3n del Instituto Nacional de Biodiversidad en Ecuador, cuyo objetivo es planificar, promover, coordinar y ejecutar procesos de investigaci\u00f3n relacionados al campo de la biodiversidad, orientados a la conservaci\u00f3n y aprovechamiento sostenible de los recursos.<\/p>\n<p style=\"text-align: justify;\">\u00abDesde el Ecuador estamos trabajando en cambio de la matriz productiva y actividades con la miner\u00eda, en proponer cadenas de valor donde la biodiversidad sea vista como un recurso estrat\u00e9gico\u00bb, destac\u00f3 Tapia.<\/p>\n<p style=\"text-align: justify;\">Asimismo, la M\u00e1xima Autoridad Ambiental enfatiz\u00f3 en el desarrollo del bioconocimiento, la prospecci\u00f3n y uso sostenible de los recursos biol\u00f3gicos, la restauraci\u00f3n de h\u00e1bitats degradados y el mantenimiento de funciones esenciales de los ecosistemas, la mitigaci\u00f3n y adaptaci\u00f3n al cambio clim\u00e1tico, entre otros. Esto como un enfoque integrador adoptado por la nueva Estrategia Nacional de Biodiversidad.<\/p>\n<p style=\"text-align: justify;\">En cuanto a la gesti\u00f3n de residuos, la Ministra Tapia afirm\u00f3 la voluntad de establecer pol\u00edticas efectivas y aplicar las medidas necesarias para garantizar la gesti\u00f3n ambientalmente racional de las sustancias qu\u00edmicas y los desechos, promoviendo la colaboraci\u00f3n de los diferentes actores p\u00fablicos y privados.<\/p>\n<p style=\"text-align: justify;\">En ese sentido, la Secretaria de Estado asegur\u00f3 que, actualmente, se trabaja en el fortalecimiento del Sistema Nacional de Gesti\u00f3n de Desechos Peligrosos y Especiales mediante la aplicaci\u00f3n del principio de responsabilidad extendida a trav\u00e9s del desarrollo y ejecuci\u00f3n de las pol\u00edticas post-consumo de pilas, neum\u00e1ticos en desuso, envases vac\u00edos de agroqu\u00edmicos y de equipos celulares en desuso, esta \u00faltima que tiene como resultado aproximadamente 300 mil equipos recolectados.<\/p>\n<p style=\"text-align: justify;\">Finalmente, en su intervenci\u00f3n Tapia expuso la posici\u00f3n del Ecuador sobre el uso de mercurio. \u00abNuestro pa\u00eds es signatario del Convenio de Minamata sobre mercurio, es as\u00ed que contamos con una reforma a la Ley de Miner\u00eda, donde se establece un plazo de dos a\u00f1os para la eliminaci\u00f3n total del uso de mercurio en las actividades mineras\u00bb, ratific\u00f3.<\/p>\n<p style=\"text-align: justify;\">De la misma forma, precis\u00f3 que el Plan Cero Mercurio aplicado en Ecuador implica seguridad nacional y componentes como la implementaci\u00f3n del registro de sustancias qu\u00edmicas de uso restringido; elaboraci\u00f3n de la normativa; capacitaci\u00f3n y asistencia t\u00e9cnica; seguimiento y monitoreo ambiental; monitoreo continuo en agua y sedimento para an\u00e1lisis de mercurio y otras metales pesados; aplicaci\u00f3n de incentivos; gesti\u00f3n de productos de consumos masivo que contienen mercurio e incentivos al sector productivo para mirar a tecnolog\u00edas m\u00e1s limpias.<\/p>\n","protected":false},"excerpt":{"rendered":"<p class=\"excerpt\">La Ministra de Ambiente, Lorena Tapia, en el marco de la visita oficial que realiz\u00f3 a M\u00e9xico para participar en la XIX Reuni\u00f3n del Foro de Ministros de Medio Ambiente para Am\u00e9rica Latina y el Caribe, resalt\u00f3 la reciente creaci\u00f3n del Instituto Nacional de Biodiversidad en Ecuador, cuyo objetivo es planificar, promover, coordinar y ejecutar procesos de investigaci\u00f3n relacionados al&hellip; <a href=\"https:\/\/www.ambienteyenergia.gob.ec\/ambiente\/ministra-lorena-tapia-resalto-la-gestion-del-ecuador-en-temas-de-biodiversidad-y-gestion-de-residuos-solidos-en-mexico\/\">Read more &rarr;<\/a><\/p>\n","protected":false},"author":13,"featured_media":18794,"comment_status":"open","ping_status":"open","sticky":false,"template":"","format":"standard","meta":{"footnotes":""},"categories":[16,4],"tags":[51,403,133,48,387,430],"class_list":["post-18792","post","type-post","status-publish","format-standard","has-post-thumbnail","hentry","category-comunicamos","category-noticias","tag-ambiente","tag-biodiversidad","tag-cambio-climatico","tag-ecuador","tag-mae-lorena-tapia","tag-mexico","xfolkentry"],"_links":{"self":[{"href":"https:\/\/www.ambienteyenergia.gob.ec\/ambiente\/wp-json\/wp\/v2\/posts\/18792","targetHints":{"allow":["GET"]}}],"collection":[{"href":"https:\/\/www.ambienteyenergia.gob.ec\/ambiente\/wp-json\/wp\/v2\/posts"}],"about":[{"href":"https:\/\/www.ambienteyenergia.gob.ec\/ambiente\/wp-json\/wp\/v2\/types\/post"}],"author":[{"embeddable":true,"href":"https:\/\/www.ambienteyenergia.gob.ec\/ambiente\/wp-json\/wp\/v2\/users\/13"}],"replies":[{"embeddable":true,"href":"https:\/\/www.ambienteyenergia.gob.ec\/ambiente\/wp-json\/wp\/v2\/comments?post=18792"}],"version-history":[{"count":0,"href":"https:\/\/www.ambienteyenergia.gob.ec\/ambiente\/wp-json\/wp\/v2\/posts\/18792\/revisions"}],"wp:featuredmedia":[{"embeddable":true,"href":"https:\/\/www.ambienteyenergia.gob.ec\/ambiente\/wp-json\/wp\/v2\/media\/18794"}],"wp:attachment":[{"href":"https:\/\/www.ambienteyenergia.gob.ec\/ambiente\/wp-json\/wp\/v2\/media?parent=18792"}],"wp:term":[{"taxonomy":"category","embeddable":true,"href":"https:\/\/www.ambienteyenergia.gob.ec\/ambiente\/wp-json\/wp\/v2\/categories?post=18792"},{"taxonomy":"post_tag","embeddable":true,"href":"https:\/\/www.ambienteyenergia.gob.ec\/ambiente\/wp-json\/wp\/v2\/tags?post=18792"}],"curies":[{"name":"wp","href":"https:\/\/api.w.org\/{rel}","templated":true}]}}