{"id":18781,"date":"2014-03-17T16:16:36","date_gmt":"2014-03-17T21:16:36","guid":{"rendered":"http:\/\/www.ambiente.gob.ec\/?p=18781"},"modified":"2014-03-17T16:33:36","modified_gmt":"2014-03-17T21:33:36","slug":"mae-intercambio-experiencias-sobre-elaboracion-de-ramos-alternativos-con-artesanos-2","status":"publish","type":"post","link":"https:\/\/www.ambienteyenergia.gob.ec\/ambiente\/mae-intercambio-experiencias-sobre-elaboracion-de-ramos-alternativos-con-artesanos-2\/","title":{"rendered":"MAE socializa la campa\u00f1a \u201cTradici\u00f3n y conservaci\u00f3n van de la mano\u201d en los cantones de Chimborazo"},"content":{"rendered":"<p style=\"text-align: justify;\">El Ministerio del Ambiente (MAE) a trav\u00e9s de la Direcci\u00f3n Provincial del Ambiente de Chimborazo inici\u00f3, desde el 10 de marzo, la socializaci\u00f3n de la Campa\u00f1a: \u201cTradici\u00f3n y conservaci\u00f3n van de la mano\u201d en los diferentes cantones de la provincia.<\/p>\n<p style=\"text-align: justify;\">Durante la semana pasada los funcionarios de la Direcci\u00f3n de Chimborazo se desplazaron a los cantones Riobamba, Chambo y Penipe para concienciar a la ciudadan\u00eda sobre las consecuencias ambientales de utilizar la \u201cPalma de cera o ramos\u201d, hogar y sustento del Loro Orejiamarillo y el Perico Cachetidorado, especies en peligro de extinci\u00f3n.<\/p>\n<p style=\"text-align: justify;\">Adem\u00e1s de esto, en el evento se expusieron artesan\u00edas con materiales alternativos que se pueden realizar para conmemorar esta celebraci\u00f3n religiosa, sin afectar a la vida silvestre del pa\u00eds.<\/p>\n<p style=\"text-align: justify;\">Durante la charla los ciudadanos mostraron su inter\u00e9s y manifestaron conocer las acciones que el Ministerio del Ambiente realiza para precautelar los recursos naturales del pa\u00eds.<\/p>\n<p style=\"text-align: justify;\">En los pr\u00f3ximos d\u00edas, todos los departamentos de la DPACH continuar\u00e1n interviniendo en espacios sociales para difundir la campa\u00f1a, pues el objetivo es concientizar a la poblaci\u00f3n ecuatoriana sobre la protecci\u00f3n de la palma de cera utilizada en la Semana Santa.<\/p>\n","protected":false},"excerpt":{"rendered":"<p class=\"excerpt\">El Ministerio del Ambiente (MAE) a trav\u00e9s de la Direcci\u00f3n Provincial del Ambiente de Chimborazo inici\u00f3, desde el 10 de marzo, la socializaci\u00f3n de la Campa\u00f1a: \u201cTradici\u00f3n y conservaci\u00f3n van de la mano\u201d en los diferentes cantones de la provincia. Durante la semana pasada los funcionarios de la Direcci\u00f3n de Chimborazo se desplazaron a los cantones Riobamba, Chambo y Penipe&hellip; <a href=\"https:\/\/www.ambienteyenergia.gob.ec\/ambiente\/mae-intercambio-experiencias-sobre-elaboracion-de-ramos-alternativos-con-artesanos-2\/\">Read more &rarr;<\/a><\/p>\n","protected":false},"author":13,"featured_media":18782,"comment_status":"open","ping_status":"open","sticky":false,"template":"","format":"standard","meta":{"footnotes":""},"categories":[16,4],"tags":[],"class_list":["post-18781","post","type-post","status-publish","format-standard","has-post-thumbnail","hentry","category-comunicamos","category-noticias","xfolkentry"],"_links":{"self":[{"href":"https:\/\/www.ambienteyenergia.gob.ec\/ambiente\/wp-json\/wp\/v2\/posts\/18781","targetHints":{"allow":["GET"]}}],"collection":[{"href":"https:\/\/www.ambienteyenergia.gob.ec\/ambiente\/wp-json\/wp\/v2\/posts"}],"about":[{"href":"https:\/\/www.ambienteyenergia.gob.ec\/ambiente\/wp-json\/wp\/v2\/types\/post"}],"author":[{"embeddable":true,"href":"https:\/\/www.ambienteyenergia.gob.ec\/ambiente\/wp-json\/wp\/v2\/users\/13"}],"replies":[{"embeddable":true,"href":"https:\/\/www.ambienteyenergia.gob.ec\/ambiente\/wp-json\/wp\/v2\/comments?post=18781"}],"version-history":[{"count":0,"href":"https:\/\/www.ambienteyenergia.gob.ec\/ambiente\/wp-json\/wp\/v2\/posts\/18781\/revisions"}],"wp:featuredmedia":[{"embeddable":true,"href":"https:\/\/www.ambienteyenergia.gob.ec\/ambiente\/wp-json\/wp\/v2\/media\/18782"}],"wp:attachment":[{"href":"https:\/\/www.ambienteyenergia.gob.ec\/ambiente\/wp-json\/wp\/v2\/media?parent=18781"}],"wp:term":[{"taxonomy":"category","embeddable":true,"href":"https:\/\/www.ambienteyenergia.gob.ec\/ambiente\/wp-json\/wp\/v2\/categories?post=18781"},{"taxonomy":"post_tag","embeddable":true,"href":"https:\/\/www.ambienteyenergia.gob.ec\/ambiente\/wp-json\/wp\/v2\/tags?post=18781"}],"curies":[{"name":"wp","href":"https:\/\/api.w.org\/{rel}","templated":true}]}}