{"id":18776,"date":"2014-03-17T15:36:55","date_gmt":"2014-03-17T20:36:55","guid":{"rendered":"http:\/\/www.ambiente.gob.ec\/?p=18776"},"modified":"2014-03-17T16:52:35","modified_gmt":"2014-03-17T21:52:35","slug":"mae-intercambio-experiencias-sobre-elaboracion-de-ramos-alternativos-con-artesanos","status":"publish","type":"post","link":"https:\/\/www.ambienteyenergia.gob.ec\/ambiente\/mae-intercambio-experiencias-sobre-elaboracion-de-ramos-alternativos-con-artesanos\/","title":{"rendered":"MAE intercambi\u00f3 experiencias sobre elaboraci\u00f3n de ramos alternativos con artesanos"},"content":{"rendered":"<p style=\"text-align: justify;\">Hoy, como parte de la campa\u00f1a <b>\u00abTradici\u00f3n y conservaci\u00f3n van de la mano\u00bb<\/b>, el Ministerio del Ambiente del Ecuador (MAE), en coordinaci\u00f3n con Quito Turismo y con el apoyo del Jard\u00edn Bot\u00e1nico, realiz\u00f3 un taller dirigido a artesanos con la finalidad de \u00a0fomentar el uso de materiales alternativos y plantas de r\u00e1pido crecimiento para la elaboraci\u00f3n de los ramos, usados en la celebraci\u00f3n religiosa de Semana Santa.<\/p>\n<p style=\"text-align: justify;\">En la jornada de trabajo, impulsada por esta Cartera de Estado, se expuso la importancia biol\u00f3gica y ecol\u00f3gica que tiene la palma de cera dentro de los ecosistemas, por ser una fuente de alimento y refugio para varias especies de vida silvestre, especialmente para el Loro Orejiamarillo y el Perico Cachetidorado.<\/p>\n<p style=\"text-align: justify;\">En ese sentido, Karen Noboa, t\u00e9cnica de la Unidad de Vida Silvestre del MAE, mencion\u00f3 que \u00abla principal amenaza que tiene la palma de cera es la deforestaci\u00f3n de los bosques nublados. Pero se agrava cuando las personas cortan las palmas, especialmente las especies j\u00f3venes\u00bb.<\/p>\n<p style=\"text-align: justify;\">En un estudio realizado en el 2010, se pudo identificar que el principal mercado de la palma de cera es Quito, pues un 80% de la poblaci\u00f3n adquiere esta planta para estas festividades religiosas.<\/p>\n<p style=\"text-align: justify;\">Por esta raz\u00f3n, el MAE busca concienciar a la ciudadan\u00eda para que no compre, ni utilice la palma de cera. Este tipo de iniciativas no solo se las efect\u00faa en Quito, sino que se replican en todas las provincias del pa\u00eds, a trav\u00e9s de diferentes componentes de educaci\u00f3n ambiental.<\/p>\n<p style=\"text-align: justify;\">El taller permiti\u00f3 compartir experiencias entre artesanos e intercambiar ideas novedosas para la elaboraci\u00f3n de ramos con plantas como romero, array\u00e1n, manzanilla, hojas y flores de ma\u00edz, totora, espigas de trigo y cebada, sigse, paja, cipr\u00e9s y laurel, entre otras.<\/p>\n<p style=\"text-align: justify;\"><strong>Artesanos se involucran en campa\u00f1a de conservaci\u00f3n<\/strong><\/p>\n<p style=\"text-align: justify;\">Elsa Rojas, propietaria del taller Cutul, asegur\u00f3 que \u00abno es necesario utilizar la palma de cera para el Domingo de Ramos, puesto que hay muchas alternativas y muy econ\u00f3micas que podemos utilizar\u00bb. La artesana mencion\u00f3 que en sus creaciones utiliza, \u00a0especialmente, fibras naturales y\u00a0 plantas de jard\u00edn.<\/p>\n<p style=\"text-align: justify;\">Por su parte, Adriana Vaca, dise\u00f1adora ecol\u00f3gica en arte y manualidades, y representante del Proyecto Flor de Ma\u00edz, expres\u00f3 que no se puede perder la tradici\u00f3n del Domingo de Ramos, pero que es posible hacer propuestas con dise\u00f1os sencillos. \u00abYo utilizo paja toquilla, que es una planta de ciclo corto, que se puede cosechar en poco tiempo. Nosotros tenemos que dar alternativas a ciudadanos para que ellos se acostumbren a utilizar ramos ecol\u00f3gicos\u00bb, dijo.<\/p>\n<div id='gallery-1' class='gallery galleryid-18776 gallery-columns-3 gallery-size-thumbnail'><dl class='gallery-item'>\n\t\t\t<dt class='gallery-icon landscape'>\n\t\t\t\t<a href='https:\/\/www.ambienteyenergia.gob.ec\/ambiente\/mae-intercambio-experiencias-sobre-elaboracion-de-ramos-alternativos-con-artesanos\/img_5823\/'><img loading=\"lazy\" decoding=\"async\" width=\"150\" height=\"150\" src=\"https:\/\/www.ambienteyenergia.gob.ec\/ambiente\/wp-content\/uploads\/sites\/2\/2014\/03\/IMG_5823-150x150.jpg\" class=\"attachment-thumbnail size-thumbnail\" alt=\"\" \/><\/a>\n\t\t\t<\/dt><\/dl><dl class='gallery-item'>\n\t\t\t<dt class='gallery-icon landscape'>\n\t\t\t\t<a href='https:\/\/www.ambienteyenergia.gob.ec\/ambiente\/mae-intercambio-experiencias-sobre-elaboracion-de-ramos-alternativos-con-artesanos\/img_5908\/'><img loading=\"lazy\" decoding=\"async\" width=\"150\" height=\"150\" src=\"https:\/\/www.ambienteyenergia.gob.ec\/ambiente\/wp-content\/uploads\/sites\/2\/2014\/03\/IMG_5908-150x150.jpg\" class=\"attachment-thumbnail size-thumbnail\" alt=\"\" \/><\/a>\n\t\t\t<\/dt><\/dl>\n\t\t\t<br style='clear: both' \/>\n\t\t<\/div>\n\n","protected":false},"excerpt":{"rendered":"<p class=\"excerpt\">Hoy, como parte de la campa\u00f1a \u00abTradici\u00f3n y conservaci\u00f3n van de la mano\u00bb, el Ministerio del Ambiente del Ecuador (MAE), en coordinaci\u00f3n con Quito Turismo y con el apoyo del Jard\u00edn Bot\u00e1nico, realiz\u00f3 un taller dirigido a artesanos con la finalidad de \u00a0fomentar el uso de materiales alternativos y plantas de r\u00e1pido crecimiento para la elaboraci\u00f3n de los ramos, usados&hellip; <a href=\"https:\/\/www.ambienteyenergia.gob.ec\/ambiente\/mae-intercambio-experiencias-sobre-elaboracion-de-ramos-alternativos-con-artesanos\/\">Read more &rarr;<\/a><\/p>\n","protected":false},"author":13,"featured_media":18777,"comment_status":"open","ping_status":"open","sticky":false,"template":"","format":"standard","meta":{"footnotes":""},"categories":[16,4],"tags":[],"class_list":["post-18776","post","type-post","status-publish","format-standard","has-post-thumbnail","hentry","category-comunicamos","category-noticias","xfolkentry"],"_links":{"self":[{"href":"https:\/\/www.ambienteyenergia.gob.ec\/ambiente\/wp-json\/wp\/v2\/posts\/18776","targetHints":{"allow":["GET"]}}],"collection":[{"href":"https:\/\/www.ambienteyenergia.gob.ec\/ambiente\/wp-json\/wp\/v2\/posts"}],"about":[{"href":"https:\/\/www.ambienteyenergia.gob.ec\/ambiente\/wp-json\/wp\/v2\/types\/post"}],"author":[{"embeddable":true,"href":"https:\/\/www.ambienteyenergia.gob.ec\/ambiente\/wp-json\/wp\/v2\/users\/13"}],"replies":[{"embeddable":true,"href":"https:\/\/www.ambienteyenergia.gob.ec\/ambiente\/wp-json\/wp\/v2\/comments?post=18776"}],"version-history":[{"count":0,"href":"https:\/\/www.ambienteyenergia.gob.ec\/ambiente\/wp-json\/wp\/v2\/posts\/18776\/revisions"}],"wp:featuredmedia":[{"embeddable":true,"href":"https:\/\/www.ambienteyenergia.gob.ec\/ambiente\/wp-json\/wp\/v2\/media\/18777"}],"wp:attachment":[{"href":"https:\/\/www.ambienteyenergia.gob.ec\/ambiente\/wp-json\/wp\/v2\/media?parent=18776"}],"wp:term":[{"taxonomy":"category","embeddable":true,"href":"https:\/\/www.ambienteyenergia.gob.ec\/ambiente\/wp-json\/wp\/v2\/categories?post=18776"},{"taxonomy":"post_tag","embeddable":true,"href":"https:\/\/www.ambienteyenergia.gob.ec\/ambiente\/wp-json\/wp\/v2\/tags?post=18776"}],"curies":[{"name":"wp","href":"https:\/\/api.w.org\/{rel}","templated":true}]}}