{"id":18770,"date":"2014-03-17T12:37:08","date_gmt":"2014-03-17T17:37:08","guid":{"rendered":"http:\/\/www.ambiente.gob.ec\/?p=18770"},"modified":"2014-03-17T16:19:26","modified_gmt":"2014-03-17T21:19:26","slug":"el-movimiento-ambiental-la-hora-del-planeta-llega-a-galapagos-con-un-nuevo-desafio-para-este-2014","status":"publish","type":"post","link":"https:\/\/www.ambienteyenergia.gob.ec\/ambiente\/el-movimiento-ambiental-la-hora-del-planeta-llega-a-galapagos-con-un-nuevo-desafio-para-este-2014\/","title":{"rendered":"El movimiento ambiental &#8216;La Hora del Planeta&#8217; llega a Gal\u00e1pagos con un nuevo desaf\u00edo para este 2014"},"content":{"rendered":"<p style=\"text-align: justify;\"><strong>Puerto Ayora, Gal\u00e1pagos.-<\/strong> La Hora del Planeta es la campa\u00f1a global m\u00e1s grande a favor del medio ambiente, impulsada por WWF, en la cual una vez al a\u00f1o, el \u00faltimo s\u00e1bado de marzo, comunidades y ciudades enteras apagan voluntariamente sus luces durante una hora en manifestaci\u00f3n simb\u00f3lica a favor del planeta.<\/p>\n<p style=\"text-align: justify;\">En este 2014, el Consejo de Gobierno del R\u00e9gimen Especial de Gal\u00e1pagos (CGREG) como ente rector de la planificaci\u00f3n, el manejo de los recursos y la organizaci\u00f3n de actividades en el territorio se suma a esta iniciativa. El CGREG viene trabajando en el principio de conservaci\u00f3n de los ecosistemas, por lo que encamina sus esfuerzos en diferentes \u00e1reas para garantizar la preservaci\u00f3n del patrimonio natural de Gal\u00e1pagos y del Buen Vivir. En ese sentido la Ministra Presidenta del Consejo de Gobierno de Gal\u00e1pagos, Mar\u00eda Isabel Salvador, record\u00f3 que \u00abpara alcanzar el verdadero desarrollo sostenible en las islas es necesaria la participaci\u00f3n de todos los sectores ciudadanos, as\u00ed como trazarnos metas comunes, y entender que solo juntos podemos caminar hacia ese Gal\u00e1pagos con el que todos so\u00f1amos. Los espacios de reflexi\u00f3n, como los que propone La Hora del Planeta, permiten sumar esfuerzos, y mostrarle al mundo lo que somos capaces de hacer si estamos todos unidos.\u00bb<\/p>\n<p style=\"text-align: justify;\">De igual manera, el Ministerio del Ambiente, a trav\u00e9s de la Direcci\u00f3n del Parque Nacional Gal\u00e1pagos, apoyar\u00e1 este movimiento. \u00abComo Ministerio de Ambiente debemos integrarnos y ser part\u00edcipes de esta iniciativa que representa un paso m\u00e1s en la b\u00fasqueda de seres humanos m\u00e1s responsables con el ambiente. La Hora del Planeta es un momento de reflexi\u00f3n sobre nuestras actitudes en cuanto a los recursos energ\u00e9ticos que utilizamos y su impacto sobre la Tierra. Queremos que la poblaci\u00f3n se involucre y comparta su ejemplo con el mundo entero\u00bb, recalc\u00f3 Lorena Tapia, Ministra de Ambiente del Ecuador.<\/p>\n<p style=\"text-align: justify;\">Este a\u00f1o tambi\u00e9n se suma a la iniciativa el Gobierno Aut\u00f3nomo Descentralizado de Santa Cruz, que junto a las instituciones antes mencionadas colaborar\u00e1n en una propuesta urgente para la conservaci\u00f3n de Gal\u00e1pagos.<\/p>\n<p style=\"text-align: justify;\">A tan solo 16 d\u00edas, la Hora del Planeta promete este a\u00f1o,\u00a0traer grandes sorpresas para Gal\u00e1pagos que ser\u00e1n develadas\u00a0pr\u00f3ximamente.<\/p>\n<p style=\"text-align: justify;\"><strong>\u00bfQu\u00e9 es la Hora del Planeta?<\/strong><b><\/b><\/p>\n<p style=\"text-align: justify;\">En un llamado a la reflexi\u00f3n y acci\u00f3n de la comunidad civil frente al cambio clim\u00e1tico, La Hora del Planeta ha evolucionado desde sus inicios en el 2007 en Sydney (Australia) como un evento simb\u00f3lico, hasta convertirse en un movimiento global que involucra a millones de personas en m\u00e1s de 7000 ciudades y 154 pa\u00edses.<\/p>\n<p style=\"text-align: justify;\">Este a\u00f1o, la Hora evoluciona y cambia a Hora del Planeta Azul. \u00bfLa idea? Pasar de un movimiento a una acci\u00f3n, a la soluci\u00f3n y a la pr\u00e1ctica! Las oficinas de WWF en todo el mundo, a trav\u00e9s de la plataforma digital de <i>crowdsourcing o crowdfunding<\/i> a nivel internacional, se proponen a que personas provenientes de todas partes del mundo apoyen\u00a0 propuestas ambientales enfocadas en proyectos pr\u00e1cticos.<\/p>\n<p style=\"text-align: justify;\">Adicionalmente, en una alianza que representa la primera en su clase el Hombre Ara\u00f1a se convierte en el primer superh\u00e9roe embajador de La Hora del Planeta. Este reconocido personaje se dirige a la comunidad mundial con un mensaje inspirador: \u201cTodos podemos ser superh\u00e9roes cuando nos damos cuenta del poder que tenemos\u201d, dijo Andrew Garfield, quien interpreta al Hombre Ara\u00f1a en la esperada pel\u00edcula de Sony Pictures Internacional.<\/p>\n<p style=\"text-align: justify;\">Conoce m\u00e1s sobre La Hora del planeta y visita nuestros portales oficiales en :<\/p>\n<p style=\"text-align: justify;\">http:\/\/www.horadelplanetaecuador.org<\/p>\n<p style=\"text-align: justify;\">Facebook: Hora del Planeta Ecuador<\/p>\n<p style=\"text-align: justify;\">Twitter: @HoraPlanetaECU<\/p>\n<p style=\"text-align: justify;\"><iframe loading=\"lazy\" width=\"750\" height=\"422\" src=\"https:\/\/www.youtube.com\/embed\/HtRdg4zrZ90?feature=oembed\" frameborder=\"0\" allowfullscreen><\/iframe><\/p>\n<p style=\"text-align: justify;\">http:\/\/www.earthhour.org\/<\/p>\n<p style=\"text-align: justify;\"><a href=\"http:\/\/www.ambienteyenergia.gob.ec\/ambiente\/wp-content\/uploads\/2014\/03\/EXPECTATIVAHP60+.jpeg\"><img loading=\"lazy\" decoding=\"async\" class=\"aligncenter size-full wp-image-18784\" alt=\"EXPECTATIVAHP60+\" src=\"http:\/\/www.ambienteyenergia.gob.ec\/ambiente\/wp-content\/uploads\/2014\/03\/EXPECTATIVAHP60+.jpeg\" width=\"426\" height=\"284\" srcset=\"https:\/\/www.ambienteyenergia.gob.ec\/ambiente\/wp-content\/uploads\/sites\/2\/2014\/03\/EXPECTATIVAHP60+.jpeg 426w, https:\/\/www.ambienteyenergia.gob.ec\/ambiente\/wp-content\/uploads\/sites\/2\/2014\/03\/EXPECTATIVAHP60+-300x200.jpeg 300w\" sizes=\"auto, (max-width: 426px) 100vw, 426px\" \/><\/a><\/p>\n<p style=\"text-align: justify;\">_______________________________________________________________________<\/p>\n<p style=\"text-align: justify;\"><b><i>Acerca de WWF<\/i><\/b><b><\/b><\/p>\n<p style=\"text-align: justify;\"><i>WWF es una de las organizaciones independientes de conservaci\u00f3n m\u00e1s grande y m\u00e1s respetada del mundo, con casi cinco millones de partidarios y una red global activa en m\u00e1s de 100 pa\u00edses.\u00a0 La misi\u00f3n de WWF es detener la degradaci\u00f3n del medio ambiente de la Tierra y construir un futuro en el cual los humanos vivan en armon\u00eda con la naturaleza, conserven la diversidad biol\u00f3gica del planeta, aseguren que el uso de recursos naturales renovables sea sustentable y fomenten la reducci\u00f3n de la contaminaci\u00f3n y el consumo derrochador. (Para m\u00e1s informaci\u00f3n vis\u00edtanos en : http:\/\/www.wwf.org.ec)<\/i>&#8211; 2 de 2 &#8211;<\/p>\n","protected":false},"excerpt":{"rendered":"<p class=\"excerpt\">Puerto Ayora, Gal\u00e1pagos.- La Hora del Planeta es la campa\u00f1a global m\u00e1s grande a favor del medio ambiente, impulsada por WWF, en la cual una vez al a\u00f1o, el \u00faltimo s\u00e1bado de marzo, comunidades y ciudades enteras apagan voluntariamente sus luces durante una hora en manifestaci\u00f3n simb\u00f3lica a favor del planeta. En este 2014, el Consejo de Gobierno del R\u00e9gimen&hellip; <a href=\"https:\/\/www.ambienteyenergia.gob.ec\/ambiente\/el-movimiento-ambiental-la-hora-del-planeta-llega-a-galapagos-con-un-nuevo-desafio-para-este-2014\/\">Read more &rarr;<\/a><\/p>\n","protected":false},"author":13,"featured_media":18771,"comment_status":"open","ping_status":"open","sticky":false,"template":"","format":"standard","meta":{"footnotes":""},"categories":[16,4],"tags":[],"class_list":["post-18770","post","type-post","status-publish","format-standard","has-post-thumbnail","hentry","category-comunicamos","category-noticias","xfolkentry"],"_links":{"self":[{"href":"https:\/\/www.ambienteyenergia.gob.ec\/ambiente\/wp-json\/wp\/v2\/posts\/18770","targetHints":{"allow":["GET"]}}],"collection":[{"href":"https:\/\/www.ambienteyenergia.gob.ec\/ambiente\/wp-json\/wp\/v2\/posts"}],"about":[{"href":"https:\/\/www.ambienteyenergia.gob.ec\/ambiente\/wp-json\/wp\/v2\/types\/post"}],"author":[{"embeddable":true,"href":"https:\/\/www.ambienteyenergia.gob.ec\/ambiente\/wp-json\/wp\/v2\/users\/13"}],"replies":[{"embeddable":true,"href":"https:\/\/www.ambienteyenergia.gob.ec\/ambiente\/wp-json\/wp\/v2\/comments?post=18770"}],"version-history":[{"count":0,"href":"https:\/\/www.ambienteyenergia.gob.ec\/ambiente\/wp-json\/wp\/v2\/posts\/18770\/revisions"}],"wp:featuredmedia":[{"embeddable":true,"href":"https:\/\/www.ambienteyenergia.gob.ec\/ambiente\/wp-json\/wp\/v2\/media\/18771"}],"wp:attachment":[{"href":"https:\/\/www.ambienteyenergia.gob.ec\/ambiente\/wp-json\/wp\/v2\/media?parent=18770"}],"wp:term":[{"taxonomy":"category","embeddable":true,"href":"https:\/\/www.ambienteyenergia.gob.ec\/ambiente\/wp-json\/wp\/v2\/categories?post=18770"},{"taxonomy":"post_tag","embeddable":true,"href":"https:\/\/www.ambienteyenergia.gob.ec\/ambiente\/wp-json\/wp\/v2\/tags?post=18770"}],"curies":[{"name":"wp","href":"https:\/\/api.w.org\/{rel}","templated":true}]}}