{"id":18761,"date":"2014-03-17T12:08:46","date_gmt":"2014-03-17T17:08:46","guid":{"rendered":"http:\/\/www.ambiente.gob.ec\/?p=18761"},"modified":"2014-03-17T12:08:46","modified_gmt":"2014-03-17T17:08:46","slug":"mae-inicia-conversaciones-sobre-distribucion-de-beneficios-para-redd","status":"publish","type":"post","link":"https:\/\/www.ambienteyenergia.gob.ec\/ambiente\/mae-inicia-conversaciones-sobre-distribucion-de-beneficios-para-redd\/","title":{"rendered":"MAE inicia conversaciones sobre distribuci\u00f3n de beneficios para REDD+"},"content":{"rendered":"<p style=\"text-align: justify;\">El Ministerio del Ambiente del Ecuador (MAE), a trav\u00e9s de la Subsecretar\u00eda de Cambio Clim\u00e1tico y con el apoyo t\u00e9cnico del Programa ONU-REDD, realiz\u00f3 el pasado 6 de marzo de 2014, la segunda reuni\u00f3n del grupo de trabajo sobre distribuci\u00f3n de beneficios horizontales para REDD+.<\/p>\n<p style=\"text-align: justify;\">Esta segunda reuni\u00f3n tuvo como objetivo socializar con los participantes conceptos clave sobre distribuci\u00f3n de beneficios y validar los contenidos e insumos desarrollados para construir la Gu\u00eda, la cual servir\u00e1 de base para la elaboraci\u00f3n de la norma administrativa sobre Distribuci\u00f3n de Beneficios (Acuerdo Ministerial No. 33, Art. 10, numeral 4) a ser presentados al MAE para su expedici\u00f3n.<\/p>\n<p style=\"text-align: justify;\">Este espacio est\u00e1 integrado por profesionales con experiencia en asignaci\u00f3n de financiamiento a comunidades para la implementaci\u00f3n de actividades de manejo sostenible y conservaci\u00f3n; dise\u00f1o de estrategias de financiamiento para comunidades; y, dise\u00f1o de sistemas de incentivos. Entre las organizaciones que participaron en este encuentro se puede mencionar a COICA, NAE, HIVOS, PROFAFOR, CEPLAES, TNC y varios funcionarios del Programa ONU-REDD.<\/p>\n<p style=\"text-align: justify;\">El grupo de trabajo tiene previsto realizar tres reuniones. La primera se realiz\u00f3 el 11 de febrero de 2014; la segunda, el 6 de marzo; y est\u00e1 planificada una tercera cita para el pr\u00f3ximo 4 de abril.<\/p>\n<p style=\"text-align: justify;\">Para mayor informaci\u00f3n, puede comunicarse con Consuelo Espinosa, Programa ONU-REDD, a su correo electr\u00f3nico consuelo.espinosa@ambiente.gob.ec.<\/p>\n<p style=\"text-align: justify;\">\n","protected":false},"excerpt":{"rendered":"<p class=\"excerpt\">El Ministerio del Ambiente del Ecuador (MAE), a trav\u00e9s de la Subsecretar\u00eda de Cambio Clim\u00e1tico y con el apoyo t\u00e9cnico del Programa ONU-REDD, realiz\u00f3 el pasado 6 de marzo de 2014, la segunda reuni\u00f3n del grupo de trabajo sobre distribuci\u00f3n de beneficios horizontales para REDD+. Esta segunda reuni\u00f3n tuvo como objetivo socializar con los participantes conceptos clave sobre distribuci\u00f3n de&hellip; <a href=\"https:\/\/www.ambienteyenergia.gob.ec\/ambiente\/mae-inicia-conversaciones-sobre-distribucion-de-beneficios-para-redd\/\">Read more &rarr;<\/a><\/p>\n","protected":false},"author":13,"featured_media":18762,"comment_status":"open","ping_status":"open","sticky":false,"template":"","format":"standard","meta":{"footnotes":""},"categories":[16,4],"tags":[],"class_list":["post-18761","post","type-post","status-publish","format-standard","has-post-thumbnail","hentry","category-comunicamos","category-noticias","xfolkentry"],"_links":{"self":[{"href":"https:\/\/www.ambienteyenergia.gob.ec\/ambiente\/wp-json\/wp\/v2\/posts\/18761","targetHints":{"allow":["GET"]}}],"collection":[{"href":"https:\/\/www.ambienteyenergia.gob.ec\/ambiente\/wp-json\/wp\/v2\/posts"}],"about":[{"href":"https:\/\/www.ambienteyenergia.gob.ec\/ambiente\/wp-json\/wp\/v2\/types\/post"}],"author":[{"embeddable":true,"href":"https:\/\/www.ambienteyenergia.gob.ec\/ambiente\/wp-json\/wp\/v2\/users\/13"}],"replies":[{"embeddable":true,"href":"https:\/\/www.ambienteyenergia.gob.ec\/ambiente\/wp-json\/wp\/v2\/comments?post=18761"}],"version-history":[{"count":0,"href":"https:\/\/www.ambienteyenergia.gob.ec\/ambiente\/wp-json\/wp\/v2\/posts\/18761\/revisions"}],"wp:featuredmedia":[{"embeddable":true,"href":"https:\/\/www.ambienteyenergia.gob.ec\/ambiente\/wp-json\/wp\/v2\/media\/18762"}],"wp:attachment":[{"href":"https:\/\/www.ambienteyenergia.gob.ec\/ambiente\/wp-json\/wp\/v2\/media?parent=18761"}],"wp:term":[{"taxonomy":"category","embeddable":true,"href":"https:\/\/www.ambienteyenergia.gob.ec\/ambiente\/wp-json\/wp\/v2\/categories?post=18761"},{"taxonomy":"post_tag","embeddable":true,"href":"https:\/\/www.ambienteyenergia.gob.ec\/ambiente\/wp-json\/wp\/v2\/tags?post=18761"}],"curies":[{"name":"wp","href":"https:\/\/api.w.org\/{rel}","templated":true}]}}