{"id":18758,"date":"2014-03-17T12:04:18","date_gmt":"2014-03-17T17:04:18","guid":{"rendered":"http:\/\/www.ambiente.gob.ec\/?p=18758"},"modified":"2014-03-17T12:04:18","modified_gmt":"2014-03-17T17:04:18","slug":"mae-construye-indicadores-nacionales-de-biodiversidad","status":"publish","type":"post","link":"https:\/\/www.ambienteyenergia.gob.ec\/ambiente\/mae-construye-indicadores-nacionales-de-biodiversidad\/","title":{"rendered":"MAE construye indicadores nacionales de biodiversidad"},"content":{"rendered":"<p style=\"text-align: justify;\">En el marco de la gesti\u00f3n de la Estrategia Nacional de Biodiversidad (ENB) y Plan de Acci\u00f3n 2014-2020, el Ministerio del Ambiente del Ecuador (MAE), a trav\u00e9s de la Subsecretar\u00eda de Patrimonio Natural, realiz\u00f3 un taller para la definici\u00f3n de los indicadores nacionales de biodiversidad, con la participaci\u00f3n de especialistas de esta Cartera de Estado y de varias organizaciones internacionales.<\/p>\n<p style=\"text-align: justify;\">Como parte de la ENB se cre\u00f3 un comit\u00e9 interinstitucional conformado por el MAE, Secretar\u00eda Nacional de Planificaci\u00f3n, Ministerio Coordinador de Sectores Estrat\u00e9gicos, Ministerio Coordinador de Conocimiento y Talento Humano, y el Programa de Naciones Unidas para el Desarrollo (PNUD).<\/p>\n<p style=\"text-align: justify;\">El titular de la Subsecretar\u00eda de Patrimonio Natural, Christian Ter\u00e1n, destac\u00f3 la trascendencia de la generaci\u00f3n de indicadores de biodiversidad, pues a trav\u00e9s de ellos es posible gestionar pol\u00edticas p\u00fablicas basadas en informaci\u00f3n objetiva del estado de la biodiversidad, las presiones que enfrenta y la respuesta del Estado ecuatoriano para proteger, restaurar y utilizar de manera sostenible estos recursos.<\/p>\n<p style=\"text-align: justify;\">El Sistema Nacional de Indicadores Ambientales (SNIA) y la Unidad de Monitoreo del Patrimonio Natural brindan insumos para el monitoreo y evaluaci\u00f3n del progreso de las metas trazadas en la ENB.<\/p>\n<p style=\"text-align: justify;\">Seg\u00fan estad\u00edsticas del MAE, en la actualidad se ha publicado un total de 25 indicadores, 11 relacionados al Plan Nacional del Buen Vivir, 6 indicadores de pol\u00edticas intersectoriales, 11 de pol\u00edticas sectoriales y 15 de organismos externos internacionales.<\/p>\n<p style=\"text-align: justify;\">La Constituci\u00f3n del 2008 permite al Ecuador asumir el liderazgo mundial en el reconocimiento de los derechos de la naturaleza, como una respuesta contundente a su estado actual, orientando sus esfuerzos al respeto integral de su existencia, a su mantenimiento y a la regeneraci\u00f3n de sus ciclos vitales y procesos evolutivos.<\/p>\n<p style=\"text-align: justify;\">En ese sentido, el MAE como ente regulador del sector ambiental, demuestra la transparencia p\u00fablica en la generaci\u00f3n de indicadores, las metas trazadas y el apoyo recibido, con el fin de lograr una \u00f3ptima inserci\u00f3n de la biodiversidad en la Planificaci\u00f3n Nacional para el per\u00edodo 2013-2017.<\/p>\n","protected":false},"excerpt":{"rendered":"<p class=\"excerpt\">En el marco de la gesti\u00f3n de la Estrategia Nacional de Biodiversidad (ENB) y Plan de Acci\u00f3n 2014-2020, el Ministerio del Ambiente del Ecuador (MAE), a trav\u00e9s de la Subsecretar\u00eda de Patrimonio Natural, realiz\u00f3 un taller para la definici\u00f3n de los indicadores nacionales de biodiversidad, con la participaci\u00f3n de especialistas de esta Cartera de Estado y de varias organizaciones internacionales.&hellip; <a href=\"https:\/\/www.ambienteyenergia.gob.ec\/ambiente\/mae-construye-indicadores-nacionales-de-biodiversidad\/\">Read more &rarr;<\/a><\/p>\n","protected":false},"author":13,"featured_media":18759,"comment_status":"open","ping_status":"open","sticky":false,"template":"","format":"standard","meta":{"footnotes":""},"categories":[16,4],"tags":[],"class_list":["post-18758","post","type-post","status-publish","format-standard","has-post-thumbnail","hentry","category-comunicamos","category-noticias","xfolkentry"],"_links":{"self":[{"href":"https:\/\/www.ambienteyenergia.gob.ec\/ambiente\/wp-json\/wp\/v2\/posts\/18758","targetHints":{"allow":["GET"]}}],"collection":[{"href":"https:\/\/www.ambienteyenergia.gob.ec\/ambiente\/wp-json\/wp\/v2\/posts"}],"about":[{"href":"https:\/\/www.ambienteyenergia.gob.ec\/ambiente\/wp-json\/wp\/v2\/types\/post"}],"author":[{"embeddable":true,"href":"https:\/\/www.ambienteyenergia.gob.ec\/ambiente\/wp-json\/wp\/v2\/users\/13"}],"replies":[{"embeddable":true,"href":"https:\/\/www.ambienteyenergia.gob.ec\/ambiente\/wp-json\/wp\/v2\/comments?post=18758"}],"version-history":[{"count":0,"href":"https:\/\/www.ambienteyenergia.gob.ec\/ambiente\/wp-json\/wp\/v2\/posts\/18758\/revisions"}],"wp:featuredmedia":[{"embeddable":true,"href":"https:\/\/www.ambienteyenergia.gob.ec\/ambiente\/wp-json\/wp\/v2\/media\/18759"}],"wp:attachment":[{"href":"https:\/\/www.ambienteyenergia.gob.ec\/ambiente\/wp-json\/wp\/v2\/media?parent=18758"}],"wp:term":[{"taxonomy":"category","embeddable":true,"href":"https:\/\/www.ambienteyenergia.gob.ec\/ambiente\/wp-json\/wp\/v2\/categories?post=18758"},{"taxonomy":"post_tag","embeddable":true,"href":"https:\/\/www.ambienteyenergia.gob.ec\/ambiente\/wp-json\/wp\/v2\/tags?post=18758"}],"curies":[{"name":"wp","href":"https:\/\/api.w.org\/{rel}","templated":true}]}}