{"id":18755,"date":"2014-03-17T12:01:43","date_gmt":"2014-03-17T17:01:43","guid":{"rendered":"http:\/\/www.ambiente.gob.ec\/?p=18755"},"modified":"2014-03-17T12:01:44","modified_gmt":"2014-03-17T17:01:44","slug":"se-inaugura-el-directorio-de-la-red-iberoamericana-de-bosques-modelo-en-ecuador","status":"publish","type":"post","link":"https:\/\/www.ambienteyenergia.gob.ec\/ambiente\/se-inaugura-el-directorio-de-la-red-iberoamericana-de-bosques-modelo-en-ecuador\/","title":{"rendered":"Se inaugura el Directorio de la Red Iberoamericana de Bosques Modelo en Ecuador"},"content":{"rendered":"<p style=\"text-align: justify;\">El 18 de marzo, a partir de las 10:00, en la Reserva Mashpi Shungo en el Nodo Noroccidente de Pichincha, a dos horas de Quito, se inaugura la reuni\u00f3n del Directorio de la Red Iberoamericana de Bosques Modelo, que para el 2014 defini\u00f3 como sede de encuentro el Ecuador. En este evento participar\u00e1n los delegados pa\u00eds del Ministerio del Ambiente de Ecuador \u00a0y de la Corporaci\u00f3n Nacional de Bosques y Reservas Privadas del Ecuador, con el apoyo del Proyecto de Sostenibilidad Financiera para el Sistema Nacional de \u00c1reas Protegidas y las representaciones de los Estados involucrados en la iniciativa.<\/p>\n<p style=\"text-align: justify;\">En alianza estrat\u00e9gica, los representantes de Bosques Modelo de Costa Rica, Argentina, Bolivia, Chile, Paraguay, Brasil, Rep\u00fablica Dominicana, Puerto Rico, Colombia, Per\u00fa, Guatemala, Honduras, Italia, Espa\u00f1a, Canad\u00e1, entre otros; desarrollar\u00e1n una amplia jornada de trabajo, que incluir\u00e1 adem\u00e1s la visita de campo a la Reserva Guaycuyacu con el fin de intercambiar experiencias en el trabajo de conservaci\u00f3n que realizan las comunidades de las reservas privadas de conservaci\u00f3n.<\/p>\n<p style=\"text-align: justify;\">Adem\u00e1s como parte del encuentro, se llevar\u00e1 a cabo el taller \u201c<i>La construcci\u00f3n de la sostenibilidad para la gesti\u00f3n territorial:<\/i> <i>Experiencia de los Bosques Modelo en tiempos de cambio clim\u00e1tico, <\/i>el 20 y 21 de marzo en la Reserva Comunitaria Yunguilla, ubicada a 45 minutos de Quito.<\/p>\n<p style=\"text-align: justify;\">La Red Iberoamericana de Bosques Modelo (RIABM) enlaza territorios donde se impulsan iniciativas para el buen manejo de los bosques y recursos naturales. La RIABM es una alianza voluntaria entre Bosques Modelo respaldados por representaciones gubernamentales de cada pa\u00eds miembro.<\/p>\n<p style=\"text-align: justify;\">Los Bosques Modelo procuran el desarrollo sostenible de un territorio y por lo tanto contribuyen a alcanzar objetivos globales de reducci\u00f3n de pobreza, cambio clim\u00e1tico, lucha contra la desertificaci\u00f3n y metas del milenio. M\u00e1s de 31 millones de hect\u00e1reas en 15 pa\u00edses de Iberoam\u00e9rica forman parte de los 29 Bosques Modelo de esta regi\u00f3n.<\/p>\n<p style=\"text-align: justify;\"><i>\u00a0<\/i><\/p>\n<p style=\"text-align: justify;\">\n","protected":false},"excerpt":{"rendered":"<p class=\"excerpt\">El 18 de marzo, a partir de las 10:00, en la Reserva Mashpi Shungo en el Nodo Noroccidente de Pichincha, a dos horas de Quito, se inaugura la reuni\u00f3n del Directorio de la Red Iberoamericana de Bosques Modelo, que para el 2014 defini\u00f3 como sede de encuentro el Ecuador. En este evento participar\u00e1n los delegados pa\u00eds del Ministerio del Ambiente&hellip; <a href=\"https:\/\/www.ambienteyenergia.gob.ec\/ambiente\/se-inaugura-el-directorio-de-la-red-iberoamericana-de-bosques-modelo-en-ecuador\/\">Read more &rarr;<\/a><\/p>\n","protected":false},"author":13,"featured_media":18756,"comment_status":"open","ping_status":"open","sticky":false,"template":"","format":"standard","meta":{"footnotes":""},"categories":[16,4],"tags":[],"class_list":["post-18755","post","type-post","status-publish","format-standard","has-post-thumbnail","hentry","category-comunicamos","category-noticias","xfolkentry"],"_links":{"self":[{"href":"https:\/\/www.ambienteyenergia.gob.ec\/ambiente\/wp-json\/wp\/v2\/posts\/18755","targetHints":{"allow":["GET"]}}],"collection":[{"href":"https:\/\/www.ambienteyenergia.gob.ec\/ambiente\/wp-json\/wp\/v2\/posts"}],"about":[{"href":"https:\/\/www.ambienteyenergia.gob.ec\/ambiente\/wp-json\/wp\/v2\/types\/post"}],"author":[{"embeddable":true,"href":"https:\/\/www.ambienteyenergia.gob.ec\/ambiente\/wp-json\/wp\/v2\/users\/13"}],"replies":[{"embeddable":true,"href":"https:\/\/www.ambienteyenergia.gob.ec\/ambiente\/wp-json\/wp\/v2\/comments?post=18755"}],"version-history":[{"count":0,"href":"https:\/\/www.ambienteyenergia.gob.ec\/ambiente\/wp-json\/wp\/v2\/posts\/18755\/revisions"}],"wp:featuredmedia":[{"embeddable":true,"href":"https:\/\/www.ambienteyenergia.gob.ec\/ambiente\/wp-json\/wp\/v2\/media\/18756"}],"wp:attachment":[{"href":"https:\/\/www.ambienteyenergia.gob.ec\/ambiente\/wp-json\/wp\/v2\/media?parent=18755"}],"wp:term":[{"taxonomy":"category","embeddable":true,"href":"https:\/\/www.ambienteyenergia.gob.ec\/ambiente\/wp-json\/wp\/v2\/categories?post=18755"},{"taxonomy":"post_tag","embeddable":true,"href":"https:\/\/www.ambienteyenergia.gob.ec\/ambiente\/wp-json\/wp\/v2\/tags?post=18755"}],"curies":[{"name":"wp","href":"https:\/\/api.w.org\/{rel}","templated":true}]}}