{"id":18743,"date":"2014-03-17T08:35:16","date_gmt":"2014-03-17T13:35:16","guid":{"rendered":"http:\/\/www.ambiente.gob.ec\/?p=18743"},"modified":"2014-03-17T11:26:21","modified_gmt":"2014-03-17T16:26:21","slug":"socializacion-de-la-campana-tradicion-y-conservacion-van-de-la-mano-en-los-mercados-del-distrito-metropolitano-de-quito","status":"publish","type":"post","link":"https:\/\/www.ambienteyenergia.gob.ec\/ambiente\/socializacion-de-la-campana-tradicion-y-conservacion-van-de-la-mano-en-los-mercados-del-distrito-metropolitano-de-quito\/","title":{"rendered":"Socializaci\u00f3n de la campa\u00f1a &#8216;Tradici\u00f3n y conservaci\u00f3n van de la mano&#8217; en los mercados del Distrito Metropolitano de Quito"},"content":{"rendered":"<p style=\"text-align: justify;\">El Ministerio del Ambiente (MAE) a trav\u00e9s de la Direcci\u00f3n Provincial de Pichincha y su Director Santiago Tapia, en conjunto con al Unidad de Protecci\u00f3n del Medio Ambiente (UPMA), realizaron este 15 de marzo la socializaci\u00f3n de la Campa\u00f1a \u00abTradici\u00f3n y conservaci\u00f3n van de la mano\u00bb en los mercados del distrito metropolitano de Quito.<\/p>\n<p style=\"text-align: justify;\">Durante el recorrido, Tapia inform\u00f3 a los comerciantes cu\u00e1les son la razones por las cuales se debe dejar de utilizar y comercializar los ramos fabricados con palma de cera. Inform\u00f3 tambi\u00e9n que los productos que utilicen este tipo de materiales ser\u00e1n decomisados, y los infractores ser\u00e1n sancionados econ\u00f3micamente.<\/p>\n<p style=\"text-align: justify;\">En el mercado de San Roque los comerciantes mostraron su inter\u00e9s tal como nos cometo Norma Jui\u00f1a, comerciante del lugar, quien dijo \u00abNosotros tenemos la culpa de comprar los ramos de los que vienen trayendo de adentro, del campo\u00bb reconociendo su error. Sin embargo, mencion\u00f3 que desde el a\u00f1o anterior viene realizando y vendiendo ramos hechos con materiales alternativos como: romero, laurel, rosas y olivo.<\/p>\n<p style=\"text-align: justify;\">A la vez el Director Provincial extendi\u00f3 una invitaci\u00f3n a los ciudadanos para que asistan al taller de capacitaci\u00f3n para artesanos. Este taller que se realizar\u00e1 en el jard\u00edn bot\u00e1nico de Quito, el d\u00eda 17 de marzo, tiene como objetivo capacitar a los artesanos para que durante la \u00e9poca de semana santa confeccionen ramos con materiales alternativos.<\/p>\n<p style=\"text-align: justify;\">\u00bfSab\u00edas que?<\/p>\n<p style=\"text-align: justify;\">La palma de cera es el h\u00e1bitat de especies de aves como el Loro Orejiamarillo y el perico cachetidorado, los cuales se encuentran en peligro de extinci\u00f3n.<\/p>\n","protected":false},"excerpt":{"rendered":"<p class=\"excerpt\">El Ministerio del Ambiente (MAE) a trav\u00e9s de la Direcci\u00f3n Provincial de Pichincha y su Director Santiago Tapia, en conjunto con al Unidad de Protecci\u00f3n del Medio Ambiente (UPMA), realizaron este 15 de marzo la socializaci\u00f3n de la Campa\u00f1a \u00abTradici\u00f3n y conservaci\u00f3n van de la mano\u00bb en los mercados del distrito metropolitano de Quito. Durante el recorrido, Tapia inform\u00f3 a&hellip; <a href=\"https:\/\/www.ambienteyenergia.gob.ec\/ambiente\/socializacion-de-la-campana-tradicion-y-conservacion-van-de-la-mano-en-los-mercados-del-distrito-metropolitano-de-quito\/\">Read more &rarr;<\/a><\/p>\n","protected":false},"author":13,"featured_media":18744,"comment_status":"open","ping_status":"open","sticky":false,"template":"","format":"standard","meta":{"footnotes":""},"categories":[16,4],"tags":[309,108,53,280],"class_list":["post-18743","post","type-post","status-publish","format-standard","has-post-thumbnail","hentry","category-comunicamos","category-noticias","tag-conservacion","tag-lorena-tapia","tag-mae","tag-palma-de-ramos","xfolkentry"],"_links":{"self":[{"href":"https:\/\/www.ambienteyenergia.gob.ec\/ambiente\/wp-json\/wp\/v2\/posts\/18743","targetHints":{"allow":["GET"]}}],"collection":[{"href":"https:\/\/www.ambienteyenergia.gob.ec\/ambiente\/wp-json\/wp\/v2\/posts"}],"about":[{"href":"https:\/\/www.ambienteyenergia.gob.ec\/ambiente\/wp-json\/wp\/v2\/types\/post"}],"author":[{"embeddable":true,"href":"https:\/\/www.ambienteyenergia.gob.ec\/ambiente\/wp-json\/wp\/v2\/users\/13"}],"replies":[{"embeddable":true,"href":"https:\/\/www.ambienteyenergia.gob.ec\/ambiente\/wp-json\/wp\/v2\/comments?post=18743"}],"version-history":[{"count":0,"href":"https:\/\/www.ambienteyenergia.gob.ec\/ambiente\/wp-json\/wp\/v2\/posts\/18743\/revisions"}],"wp:featuredmedia":[{"embeddable":true,"href":"https:\/\/www.ambienteyenergia.gob.ec\/ambiente\/wp-json\/wp\/v2\/media\/18744"}],"wp:attachment":[{"href":"https:\/\/www.ambienteyenergia.gob.ec\/ambiente\/wp-json\/wp\/v2\/media?parent=18743"}],"wp:term":[{"taxonomy":"category","embeddable":true,"href":"https:\/\/www.ambienteyenergia.gob.ec\/ambiente\/wp-json\/wp\/v2\/categories?post=18743"},{"taxonomy":"post_tag","embeddable":true,"href":"https:\/\/www.ambienteyenergia.gob.ec\/ambiente\/wp-json\/wp\/v2\/tags?post=18743"}],"curies":[{"name":"wp","href":"https:\/\/api.w.org\/{rel}","templated":true}]}}