{"id":18738,"date":"2014-03-15T14:06:28","date_gmt":"2014-03-15T19:06:28","guid":{"rendered":"http:\/\/www.ambiente.gob.ec\/?p=18738"},"modified":"2014-03-15T14:06:28","modified_gmt":"2014-03-15T19:06:28","slug":"mae-dono-178-m%c2%b3-de-producto-forestal-a-artesanos-de-imbabura","status":"publish","type":"post","link":"https:\/\/www.ambienteyenergia.gob.ec\/ambiente\/mae-dono-178-m%c2%b3-de-producto-forestal-a-artesanos-de-imbabura\/","title":{"rendered":"MAE don\u00f3 17,8 m\u00b3 de producto forestal a artesanos de Imbabura"},"content":{"rendered":"<p style=\"text-align: justify;\">Ayer, el Ministerio del Ambiente del Ecuador (MAE), a trav\u00e9s de la Direcci\u00f3n Provincial del Ambiente de Imbabura, entreg\u00f3 17,8 metros c\u00fabicos de producto forestal, al grupo de artesanos \u00abGuardianes del Taita Imbabura \u2013 Inspectores Honor\u00edficos de San Antonio de Ibarra\u201d, mediante Acuerdo Ministerial Nro 008, como parte de un donativo, resultado de los decomisos que ejecuta esta Cartera de Estado en los m\u00faltiples operativos de control.<\/p>\n<p style=\"text-align: justify;\">La madera ser\u00e1 utilizada para realizar bocetos y modelos prototipos y ser exhibidos en la Expocreatividad 2014 en el mes de mayo. Adem\u00e1s, se emplear\u00e1 en la elaboraci\u00f3n de se\u00f1al\u00e9tica para un proyecto de turismo comunitario que se desarrolla en el Taita Imbabura. Estas actividades est\u00e1n encaminadas a promover el desarrollo sostenible en la parroquia de San Antonio.<\/p>\n<p style=\"text-align: justify;\">La conservaci\u00f3n de los bosques es una prioridad para el MAE, por esta raz\u00f3n, se implementaron estos sistemas de control, para propiciar un manejo sustentable de recursos forestales y la protecci\u00f3n de su diversidad. Adem\u00e1s, de contribuir al crecimiento econ\u00f3mico y al desarrollo social.<a href=\"http:\/\/www.ambienteyenergia.gob.ec\/ambiente\/wp-content\/uploads\/2014\/03\/Decomiso-madera.jpg\"><img loading=\"lazy\" decoding=\"async\" class=\"aligncenter size-full wp-image-18739\" alt=\"Decomiso madera\" src=\"http:\/\/www.ambienteyenergia.gob.ec\/ambiente\/wp-content\/uploads\/2014\/03\/Decomiso-madera.jpg\" width=\"300\" height=\"225\" \/><\/a><\/p>\n","protected":false},"excerpt":{"rendered":"<p class=\"excerpt\">Ayer, el Ministerio del Ambiente del Ecuador (MAE), a trav\u00e9s de la Direcci\u00f3n Provincial del Ambiente de Imbabura, entreg\u00f3 17,8 metros c\u00fabicos de producto forestal, al grupo de artesanos \u00abGuardianes del Taita Imbabura \u2013 Inspectores Honor\u00edficos de San Antonio de Ibarra\u201d, mediante Acuerdo Ministerial Nro 008, como parte de un donativo, resultado de los decomisos que ejecuta esta Cartera de&hellip; <a href=\"https:\/\/www.ambienteyenergia.gob.ec\/ambiente\/mae-dono-178-m%c2%b3-de-producto-forestal-a-artesanos-de-imbabura\/\">Read more &rarr;<\/a><\/p>\n","protected":false},"author":13,"featured_media":18741,"comment_status":"open","ping_status":"open","sticky":false,"template":"","format":"standard","meta":{"footnotes":""},"categories":[16,4],"tags":[429,162,108,53],"class_list":["post-18738","post","type-post","status-publish","format-standard","has-post-thumbnail","hentry","category-comunicamos","category-noticias","tag-decomiso-madera","tag-imbabura","tag-lorena-tapia","tag-mae","xfolkentry"],"_links":{"self":[{"href":"https:\/\/www.ambienteyenergia.gob.ec\/ambiente\/wp-json\/wp\/v2\/posts\/18738","targetHints":{"allow":["GET"]}}],"collection":[{"href":"https:\/\/www.ambienteyenergia.gob.ec\/ambiente\/wp-json\/wp\/v2\/posts"}],"about":[{"href":"https:\/\/www.ambienteyenergia.gob.ec\/ambiente\/wp-json\/wp\/v2\/types\/post"}],"author":[{"embeddable":true,"href":"https:\/\/www.ambienteyenergia.gob.ec\/ambiente\/wp-json\/wp\/v2\/users\/13"}],"replies":[{"embeddable":true,"href":"https:\/\/www.ambienteyenergia.gob.ec\/ambiente\/wp-json\/wp\/v2\/comments?post=18738"}],"version-history":[{"count":0,"href":"https:\/\/www.ambienteyenergia.gob.ec\/ambiente\/wp-json\/wp\/v2\/posts\/18738\/revisions"}],"wp:featuredmedia":[{"embeddable":true,"href":"https:\/\/www.ambienteyenergia.gob.ec\/ambiente\/wp-json\/wp\/v2\/media\/18741"}],"wp:attachment":[{"href":"https:\/\/www.ambienteyenergia.gob.ec\/ambiente\/wp-json\/wp\/v2\/media?parent=18738"}],"wp:term":[{"taxonomy":"category","embeddable":true,"href":"https:\/\/www.ambienteyenergia.gob.ec\/ambiente\/wp-json\/wp\/v2\/categories?post=18738"},{"taxonomy":"post_tag","embeddable":true,"href":"https:\/\/www.ambienteyenergia.gob.ec\/ambiente\/wp-json\/wp\/v2\/tags?post=18738"}],"curies":[{"name":"wp","href":"https:\/\/api.w.org\/{rel}","templated":true}]}}