{"id":18735,"date":"2014-03-15T13:59:34","date_gmt":"2014-03-15T18:59:34","guid":{"rendered":"http:\/\/www.ambiente.gob.ec\/?p=18735"},"modified":"2014-03-15T13:59:34","modified_gmt":"2014-03-15T18:59:34","slug":"mae-socializo-los-estudios-para-el-plan-nacional-de-gestion-integral-de-residuos-solidos","status":"publish","type":"post","link":"https:\/\/www.ambienteyenergia.gob.ec\/ambiente\/mae-socializo-los-estudios-para-el-plan-nacional-de-gestion-integral-de-residuos-solidos\/","title":{"rendered":"MAE socializ\u00f3 los Estudios para el Plan Nacional de Gesti\u00f3n Integral de Residuos S\u00f3lidos"},"content":{"rendered":"<p style=\"text-align: justify;\">El Ministerio del Ambiente del Ecuador (MAE), a trav\u00e9s de la Direcci\u00f3n Provincial de Imbabura, realiz\u00f3 el pasado 13 de marzo, un primer taller para socializar los <strong>Estudios para el Plan Nacional de Gesti\u00f3n Integral de Residuos S\u00f3lidos<\/strong>, proyecto que sin lugar a dudas, contribuir\u00e1 con los objetivos planteados respecto al adecuado manejo de desechos s\u00f3lidos, as\u00ed como tambi\u00e9n, aportar\u00e1 a las metas propuestas en el Plan Nacional de Buen Vivir. Esta herramienta definir\u00e1 la pol\u00edtica p\u00fablica de gesti\u00f3n de residuos por los pr\u00f3ximos 10 a\u00f1os. El evento cont\u00f3 con la participaci\u00f3n de aproximadamente 150 personas, entre ellas, representantes de los diferentes GAD\u201ds de nuestro pa\u00eds.<\/p>\n<p style=\"text-align: justify;\">Uno de los grandes desaf\u00edos que enfrentan los pa\u00edses y gobiernos locales en todo el mundo es el manejo de los desechos s\u00f3lidos, debido al crecimiento urban\u00edstico el volumen de desperdicios va en aumento. Frente a este panorama, el MAE ha asumido el reto y compromiso de establecer para los ciudadanos condiciones de vida adecuadas con un nuevo modelo de residuos s\u00f3lidos.<\/p>\n<p style=\"text-align: justify;\">Este es el primer paso para modificar la realidad de algunas zonas del pa\u00eds. Los estudios permitir\u00e1n implementar un modelo de gesti\u00f3n integral de residuos s\u00f3lidos, que contemple el cierre t\u00e9cnico de todos los botaderos a cielo abierto, construcci\u00f3n de rellenos sanitarios optimizados y la implementaci\u00f3n de proceso t\u00e9cnicos hasta su disposici\u00f3n final.<\/p>\n<p style=\"text-align: justify;\">El MAE con este tipo de iniciativas busca ejercer en forma eficaz y eficiente la legislaci\u00f3n ambiental vigente, con el prop\u00f3sito de solucionar los problemas ambientales y promover la mejora continua en todos los procesos productivos mitigando la contaminaci\u00f3n ambiental.<\/p>\n","protected":false},"excerpt":{"rendered":"<p class=\"excerpt\">El Ministerio del Ambiente del Ecuador (MAE), a trav\u00e9s de la Direcci\u00f3n Provincial de Imbabura, realiz\u00f3 el pasado 13 de marzo, un primer taller para socializar los Estudios para el Plan Nacional de Gesti\u00f3n Integral de Residuos S\u00f3lidos, proyecto que sin lugar a dudas, contribuir\u00e1 con los objetivos planteados respecto al adecuado manejo de desechos s\u00f3lidos, as\u00ed como tambi\u00e9n, aportar\u00e1&hellip; <a href=\"https:\/\/www.ambienteyenergia.gob.ec\/ambiente\/mae-socializo-los-estudios-para-el-plan-nacional-de-gestion-integral-de-residuos-solidos\/\">Read more &rarr;<\/a><\/p>\n","protected":false},"author":13,"featured_media":18736,"comment_status":"open","ping_status":"open","sticky":false,"template":"","format":"standard","meta":{"footnotes":""},"categories":[16,4],"tags":[428,108,53,424],"class_list":["post-18735","post","type-post","status-publish","format-standard","has-post-thumbnail","hentry","category-comunicamos","category-noticias","tag-gestion-integral","tag-lorena-tapia","tag-mae","tag-residuos-solidos","xfolkentry"],"_links":{"self":[{"href":"https:\/\/www.ambienteyenergia.gob.ec\/ambiente\/wp-json\/wp\/v2\/posts\/18735","targetHints":{"allow":["GET"]}}],"collection":[{"href":"https:\/\/www.ambienteyenergia.gob.ec\/ambiente\/wp-json\/wp\/v2\/posts"}],"about":[{"href":"https:\/\/www.ambienteyenergia.gob.ec\/ambiente\/wp-json\/wp\/v2\/types\/post"}],"author":[{"embeddable":true,"href":"https:\/\/www.ambienteyenergia.gob.ec\/ambiente\/wp-json\/wp\/v2\/users\/13"}],"replies":[{"embeddable":true,"href":"https:\/\/www.ambienteyenergia.gob.ec\/ambiente\/wp-json\/wp\/v2\/comments?post=18735"}],"version-history":[{"count":0,"href":"https:\/\/www.ambienteyenergia.gob.ec\/ambiente\/wp-json\/wp\/v2\/posts\/18735\/revisions"}],"wp:featuredmedia":[{"embeddable":true,"href":"https:\/\/www.ambienteyenergia.gob.ec\/ambiente\/wp-json\/wp\/v2\/media\/18736"}],"wp:attachment":[{"href":"https:\/\/www.ambienteyenergia.gob.ec\/ambiente\/wp-json\/wp\/v2\/media?parent=18735"}],"wp:term":[{"taxonomy":"category","embeddable":true,"href":"https:\/\/www.ambienteyenergia.gob.ec\/ambiente\/wp-json\/wp\/v2\/categories?post=18735"},{"taxonomy":"post_tag","embeddable":true,"href":"https:\/\/www.ambienteyenergia.gob.ec\/ambiente\/wp-json\/wp\/v2\/tags?post=18735"}],"curies":[{"name":"wp","href":"https:\/\/api.w.org\/{rel}","templated":true}]}}