{"id":18730,"date":"2014-03-15T12:55:01","date_gmt":"2014-03-15T17:55:01","guid":{"rendered":"http:\/\/www.ambiente.gob.ec\/?p=18730"},"modified":"2014-03-15T13:04:36","modified_gmt":"2014-03-15T18:04:36","slug":"15-de-marzo-dia-mundial-de-los-derechos-del-consumidor","status":"publish","type":"post","link":"https:\/\/www.ambienteyenergia.gob.ec\/ambiente\/15-de-marzo-dia-mundial-de-los-derechos-del-consumidor\/","title":{"rendered":"15 de marzo, D\u00eda Mundial de los Derechos del Consumidor"},"content":{"rendered":"<p style=\"text-align: justify;\">Hoy, se celebra el D\u00eda Mundial del Consumidor, declarado as\u00ed por la Organizaci\u00f3n de las Naciones Unidas (ONU), en 1982, tras el discurso del expresidente de los Estados Unidos John F. Keneddy, en el que cita a los consumidores como un grupo no escuchado. El prop\u00f3sito de esta fecha es defender los derechos de los consumidores y protestar contra los abusos del mercado.<\/p>\n<p style=\"text-align: justify;\">El Ecuador cuenta con la Ley Org\u00e1nica de Defensa del Consumidor cuyo objeto es normar las relaciones entre los proveedores y consumidores, promoviendo el conocimiento y protegiendo los derechos de los consumidores, procurando la equidad y la seguridad jur\u00eddica en las relaciones entre las partes. (Congreso Nacional del Ecuador, 2000).<\/p>\n<p style=\"text-align: justify;\">Entre los derechos del consumidor se se\u00f1ala el \u201cderecho a la protecci\u00f3n de la vida, salud y seguridad en el consumo de bienes y servicios, as\u00ed como a la satisfacci\u00f3n de las necesidades fundamentales y el acceso a los servicios b\u00e1sicos\u201d. Asimismo, entre las obligaciones del consumidor est\u00e1 \u201cejercer el consumo racional y responsable de bienes y servicios; preocuparse de no afectar el ambiente mediante el consumo de bienes o servicios que puedan resultar peligrosos en ese sentido.\u201d (Congreso Nacional del Ecuador, 2000).<\/p>\n<p style=\"text-align: justify;\"><strong>Acciones del MAE frente al consumo responsable<\/strong><\/p>\n<p style=\"text-align: justify;\">Por esta raz\u00f3n, el Ministerio del Ambiente del Ecuador (MAE) impulsa el consumo responsable, como una medida de acci\u00f3n que tiene como fin cambiar los h\u00e1bitos de\u00a0consumo de los ciudadanos, ajust\u00e1ndolos a sus necesidades reales y comprometi\u00e9ndolos con la adopci\u00f3n de buenas pr\u00e1cticas ambientales, orientadas a reducir la producci\u00f3n de desechos s\u00f3lidos y optimizar el uso del agua, energ\u00eda el\u00e9ctrica y papel, promoviendo una relaci\u00f3n arm\u00f3nica entre el hombre y la naturaleza.<\/p>\n<p style=\"text-align: justify;\">Adem\u00e1s, promueve los principios y responsabilidades de los consumidores, a trav\u00e9s de procesos de mejoramiento en la calidad de la producci\u00f3n y consumo sustentable; disminuci\u00f3n de la huella ecol\u00f3gica y educaci\u00f3n ambiental ciudadana.<\/p>\n<p style=\"text-align: justify;\">Por esta raz\u00f3n, esta Cartera de Estado cre\u00f3 Punto Verde, un reconocimiento que se otorga a empresas que demuestren optimizaci\u00f3n de recursos naturales y reducci\u00f3n de contaminaci\u00f3n en sus actividades de producci\u00f3n. En este contexto, se oficializaron dos Acuerdos Ministeriales. El Acuerdo Ministerial 131, enfocado en Buenas Pr\u00e1cticas Ambientales, que otorga la <strong>Certificaci\u00f3n Ambiental \u201cPunto Verde\u201d<\/strong>, en reconocimiento a la gesti\u00f3n administrativa en el interior de edificios por consumo de agua, energ\u00eda, kilogramos de papel reciclados y manejo de residuos, todos calculados por funcionario. Y el Acuerdo Ministerial 004, que concede el <strong>Reconocimiento Ecuatoriano Ambiental \u201cPunto Verde\u201d<\/strong> por construcciones eco eficientes.<\/p>\n<p style=\"text-align: justify;\"><strong>Tips para el consumo responsable<\/strong><\/p>\n<p style=\"text-align: justify;\">Con peque\u00f1os cambios en actitudes y h\u00e1bitos se puede garantizar la protecci\u00f3n del ambiente y reducir el consumo, lo importante es ponerlos en pr\u00e1ctica. Por eso, el MAE a trav\u00e9s del Proyecto Identificaci\u00f3n, C\u00e1lculo y Mitigaci\u00f3n de la Huella Ecol\u00f3gica del Sector P\u00fablico y Productivo del Ecuador y la Fundaci\u00f3n Ecolog\u00eda y Desarrollo (ECODES), presenta algunas recomendaciones para el consumo responsable:<\/p>\n<ol>\n<li style=\"text-align: justify;\">Debes meditar, s\u00ed lo que vas a comprar en realidad va a satisfacer tu necesidad, o si lo compras compulsivamente.<\/li>\n<li style=\"text-align: justify;\">Piensa a qu\u00e9 tipo de comercio quieres favorecer. No olvides que consumir productos locales, productos ecol\u00f3gicos o de comercio justo, productos naturales y productos reutilizados y reciclados, son las mejores opciones medioambientales y sociales. Por ejemplo, una buena opci\u00f3n son las ferias agroecol\u00f3gicas<\/li>\n<li style=\"text-align: justify;\">Inf\u00f3rmate acerca de las repercusiones sociales y medioambientales de los bienes y servicios.<\/li>\n<li style=\"text-align: justify;\">Aseg\u00farate de la calidad de lo que compras. Adquiere productos de larga vida \u00fatil y que puedan ser reutilizados.<\/li>\n<li style=\"text-align: justify;\">Busca alternativas que minimicen la explotaci\u00f3n de los recursos naturales: segunda mano, reutilizar, intercambios, reparaci\u00f3n.<\/li>\n<li style=\"text-align: justify;\">Haz un buen mantenimiento de las cosas y cuando termine su vida \u00fatil, ten en cuenta las posibilidades de reciclar los materiales de que est\u00e1 hecho.<\/li>\n<\/ol>\n","protected":false},"excerpt":{"rendered":"<p class=\"excerpt\">Hoy, se celebra el D\u00eda Mundial del Consumidor, declarado as\u00ed por la Organizaci\u00f3n de las Naciones Unidas (ONU), en 1982, tras el discurso del expresidente de los Estados Unidos John F. Keneddy, en el que cita a los consumidores como un grupo no escuchado. El prop\u00f3sito de esta fecha es defender los derechos de los consumidores y protestar contra los&hellip; <a href=\"https:\/\/www.ambienteyenergia.gob.ec\/ambiente\/15-de-marzo-dia-mundial-de-los-derechos-del-consumidor\/\">Read more &rarr;<\/a><\/p>\n","protected":false},"author":13,"featured_media":18731,"comment_status":"open","ping_status":"open","sticky":false,"template":"","format":"standard","meta":{"footnotes":""},"categories":[16,4],"tags":[427,387,112],"class_list":["post-18730","post","type-post","status-publish","format-standard","has-post-thumbnail","hentry","category-comunicamos","category-noticias","tag-consumo-responsable","tag-mae-lorena-tapia","tag-punto-verde","xfolkentry"],"_links":{"self":[{"href":"https:\/\/www.ambienteyenergia.gob.ec\/ambiente\/wp-json\/wp\/v2\/posts\/18730","targetHints":{"allow":["GET"]}}],"collection":[{"href":"https:\/\/www.ambienteyenergia.gob.ec\/ambiente\/wp-json\/wp\/v2\/posts"}],"about":[{"href":"https:\/\/www.ambienteyenergia.gob.ec\/ambiente\/wp-json\/wp\/v2\/types\/post"}],"author":[{"embeddable":true,"href":"https:\/\/www.ambienteyenergia.gob.ec\/ambiente\/wp-json\/wp\/v2\/users\/13"}],"replies":[{"embeddable":true,"href":"https:\/\/www.ambienteyenergia.gob.ec\/ambiente\/wp-json\/wp\/v2\/comments?post=18730"}],"version-history":[{"count":0,"href":"https:\/\/www.ambienteyenergia.gob.ec\/ambiente\/wp-json\/wp\/v2\/posts\/18730\/revisions"}],"wp:featuredmedia":[{"embeddable":true,"href":"https:\/\/www.ambienteyenergia.gob.ec\/ambiente\/wp-json\/wp\/v2\/media\/18731"}],"wp:attachment":[{"href":"https:\/\/www.ambienteyenergia.gob.ec\/ambiente\/wp-json\/wp\/v2\/media?parent=18730"}],"wp:term":[{"taxonomy":"category","embeddable":true,"href":"https:\/\/www.ambienteyenergia.gob.ec\/ambiente\/wp-json\/wp\/v2\/categories?post=18730"},{"taxonomy":"post_tag","embeddable":true,"href":"https:\/\/www.ambienteyenergia.gob.ec\/ambiente\/wp-json\/wp\/v2\/tags?post=18730"}],"curies":[{"name":"wp","href":"https:\/\/api.w.org\/{rel}","templated":true}]}}