{"id":18726,"date":"2014-03-15T12:24:47","date_gmt":"2014-03-15T17:24:47","guid":{"rendered":"http:\/\/www.ambiente.gob.ec\/?p=18726"},"modified":"2014-03-15T12:24:47","modified_gmt":"2014-03-15T17:24:47","slug":"caseta-de-control-de-volcan-sierra-negra-cuenta-con-facilidades-autosustentables","status":"publish","type":"post","link":"https:\/\/www.ambienteyenergia.gob.ec\/ambiente\/caseta-de-control-de-volcan-sierra-negra-cuenta-con-facilidades-autosustentables\/","title":{"rendered":"Caseta de control de volc\u00e1n Sierra Negra cuenta con facilidades autosustentables"},"content":{"rendered":"<p style=\"text-align: justify;\">El sitio de visita Volc\u00e1n Sierra Negra, es uno de los m\u00e1s visitados de la isla Isabela pues ofrece a los turistas la posibilidad de observar la riqueza geol\u00f3gica del Archipi\u00e9lago de Gal\u00e1pagos, al contar con fumarolas en actividad, minas de azufre, conos de ceniza volc\u00e1nica y por ser una de las calderas m\u00e1s grandes del mundo.<\/p>\n<p style=\"text-align: justify;\">En este lugar, el Ministerio del Ambiente del Ecuador (MAE), a trav\u00e9s de la Direcci\u00f3n del Parque Nacional Gal\u00e1pagos (DPNG), ha instalado un punto de control tur\u00edstico denominado \u201cEl Cura\u201d, \u00a0en el que los visitantes pueden disfrutar de algunas facilidades tur\u00edsticas como ba\u00f1os, \u00e1reas de camping y picnic.<\/p>\n<p style=\"text-align: justify;\">Esta misma caseta sirve de punto de operaci\u00f3n para los guardaparques que realizan control de especies introducidas, as\u00ed como patrullajes permanentes de los linderos del \u00e1rea protegida, en la parte alta de la isla Isabela.<\/p>\n<p style=\"text-align: justify;\">Hoy, gracias a la gesti\u00f3n de la autoridad ambiental esta caseta que recibe aproximadamente cien turistas al d\u00eda, es una de las primeras infraestructuras autosustentables del \u00e1rea protegida en el archipi\u00e9lago, pues produce energ\u00eda limpia a trav\u00e9s de paneles solares y cuenta con un sistema que captaci\u00f3n de agua de la lluvia para el abastecimiento de sus instalaciones.<\/p>\n<p style=\"text-align: justify;\">La caseta de control El Cura, ubicada a aproximadamente a 30 minutos de Puerto Villamil, es la entrada hacia el sitio de visita Volc\u00e1n Sierra Negra y lugares aleda\u00f1os, a los que se puede acceder a pie o en caballo.<\/p>\n<p style=\"text-align: justify;\">Este a\u00f1o se pretende remodelar las instalaciones de este punto de control a fin de mejorar el servicio que se brinda a los visitantes.<\/p>\n","protected":false},"excerpt":{"rendered":"<p class=\"excerpt\">El sitio de visita Volc\u00e1n Sierra Negra, es uno de los m\u00e1s visitados de la isla Isabela pues ofrece a los turistas la posibilidad de observar la riqueza geol\u00f3gica del Archipi\u00e9lago de Gal\u00e1pagos, al contar con fumarolas en actividad, minas de azufre, conos de ceniza volc\u00e1nica y por ser una de las calderas m\u00e1s grandes del mundo. En este lugar,&hellip; <a href=\"https:\/\/www.ambienteyenergia.gob.ec\/ambiente\/caseta-de-control-de-volcan-sierra-negra-cuenta-con-facilidades-autosustentables\/\">Read more &rarr;<\/a><\/p>\n","protected":false},"author":13,"featured_media":18727,"comment_status":"open","ping_status":"open","sticky":false,"template":"","format":"standard","meta":{"footnotes":""},"categories":[16,4],"tags":[426,56,108,53],"class_list":["post-18726","post","type-post","status-publish","format-standard","has-post-thumbnail","hentry","category-comunicamos","category-noticias","tag-energia-limpia","tag-galapagos","tag-lorena-tapia","tag-mae","xfolkentry"],"_links":{"self":[{"href":"https:\/\/www.ambienteyenergia.gob.ec\/ambiente\/wp-json\/wp\/v2\/posts\/18726","targetHints":{"allow":["GET"]}}],"collection":[{"href":"https:\/\/www.ambienteyenergia.gob.ec\/ambiente\/wp-json\/wp\/v2\/posts"}],"about":[{"href":"https:\/\/www.ambienteyenergia.gob.ec\/ambiente\/wp-json\/wp\/v2\/types\/post"}],"author":[{"embeddable":true,"href":"https:\/\/www.ambienteyenergia.gob.ec\/ambiente\/wp-json\/wp\/v2\/users\/13"}],"replies":[{"embeddable":true,"href":"https:\/\/www.ambienteyenergia.gob.ec\/ambiente\/wp-json\/wp\/v2\/comments?post=18726"}],"version-history":[{"count":0,"href":"https:\/\/www.ambienteyenergia.gob.ec\/ambiente\/wp-json\/wp\/v2\/posts\/18726\/revisions"}],"wp:featuredmedia":[{"embeddable":true,"href":"https:\/\/www.ambienteyenergia.gob.ec\/ambiente\/wp-json\/wp\/v2\/media\/18727"}],"wp:attachment":[{"href":"https:\/\/www.ambienteyenergia.gob.ec\/ambiente\/wp-json\/wp\/v2\/media?parent=18726"}],"wp:term":[{"taxonomy":"category","embeddable":true,"href":"https:\/\/www.ambienteyenergia.gob.ec\/ambiente\/wp-json\/wp\/v2\/categories?post=18726"},{"taxonomy":"post_tag","embeddable":true,"href":"https:\/\/www.ambienteyenergia.gob.ec\/ambiente\/wp-json\/wp\/v2\/tags?post=18726"}],"curies":[{"name":"wp","href":"https:\/\/api.w.org\/{rel}","templated":true}]}}