{"id":18721,"date":"2014-03-15T10:36:55","date_gmt":"2014-03-15T15:36:55","guid":{"rendered":"http:\/\/www.ambiente.gob.ec\/?p=18721"},"modified":"2014-03-15T10:36:55","modified_gmt":"2014-03-15T15:36:55","slug":"mae-presento-campana-tradicion-y-conservacion-van-de-la-mano-en-imbabura","status":"publish","type":"post","link":"https:\/\/www.ambienteyenergia.gob.ec\/ambiente\/mae-presento-campana-tradicion-y-conservacion-van-de-la-mano-en-imbabura\/","title":{"rendered":"MAE present\u00f3 campa\u00f1a &#8216;Tradici\u00f3n y Conservaci\u00f3n van de la Mano&#8217; en Imbabura"},"content":{"rendered":"<p style=\"text-align: justify;\">El Ministerio del Ambiente del Ecuador (MAE), en coordinaci\u00f3n con el Gobierno Provincial de Imbabura, la Unidad de Protecci\u00f3n del Medio Ambiente (UPMA) de la Polic\u00eda Nacional, la Di\u00f3cesis de Ibarra y la Empresa Comunitaria Totora SISA, presentaron en rueda de prensa la campa\u00f1a <strong>\u201cTradici\u00f3n y Conservaci\u00f3n van de la Mano\u201d<\/strong>, el pasado 13 de marzo. El objetivo es concienciar a la ciudadan\u00eda sobre el uso indiscriminado de la palma de cera en la ceremonia religiosa Domingo de Ramos y promover el uso de materiales alternativos y plantas de r\u00e1pido crecimiento para la elaboraci\u00f3n de estas artesan\u00edas.<\/p>\n<p style=\"text-align: justify;\">La Palma de Ramos es una planta de lento crecimiento. Su principal amenaza es la deforestaci\u00f3n masiva de los bosques andinos, en especial en estas fechas religiosas. Por esta raz\u00f3n, la Direcci\u00f3n Provincial de Imbabura coordina acciones conjuntas con la poblaci\u00f3n para evitar la extinci\u00f3n del Loro Orejiamarillo y del Perico Cachetidorado, dos de las especies de loros m\u00e1s extra\u00f1as y amenazadas de Ecuador, que dependen de esta planta para sobrevivir.<\/p>\n<p style=\"text-align: justify;\">El MAE propone a la ciudadan\u00eda equilibrar las costumbres religiosas con el cuidado ambiental, y fomenta la elaboraci\u00f3n de ramos alternativos con diferentes plantas como romero, array\u00e1n, manzanilla, hojas y flores de ma\u00edz, totora, espigas de trigo y cebada, sigse, paja, cipr\u00e9s y laurel, entre otras.<\/p>\n","protected":false},"excerpt":{"rendered":"<p class=\"excerpt\">El Ministerio del Ambiente del Ecuador (MAE), en coordinaci\u00f3n con el Gobierno Provincial de Imbabura, la Unidad de Protecci\u00f3n del Medio Ambiente (UPMA) de la Polic\u00eda Nacional, la Di\u00f3cesis de Ibarra y la Empresa Comunitaria Totora SISA, presentaron en rueda de prensa la campa\u00f1a \u201cTradici\u00f3n y Conservaci\u00f3n van de la Mano\u201d, el pasado 13 de marzo. El objetivo es concienciar&hellip; <a href=\"https:\/\/www.ambienteyenergia.gob.ec\/ambiente\/mae-presento-campana-tradicion-y-conservacion-van-de-la-mano-en-imbabura\/\">Read more &rarr;<\/a><\/p>\n","protected":false},"author":13,"featured_media":18722,"comment_status":"open","ping_status":"open","sticky":false,"template":"","format":"standard","meta":{"footnotes":""},"categories":[16,4],"tags":[162,108,53,280],"class_list":["post-18721","post","type-post","status-publish","format-standard","has-post-thumbnail","hentry","category-comunicamos","category-noticias","tag-imbabura","tag-lorena-tapia","tag-mae","tag-palma-de-ramos","xfolkentry"],"_links":{"self":[{"href":"https:\/\/www.ambienteyenergia.gob.ec\/ambiente\/wp-json\/wp\/v2\/posts\/18721","targetHints":{"allow":["GET"]}}],"collection":[{"href":"https:\/\/www.ambienteyenergia.gob.ec\/ambiente\/wp-json\/wp\/v2\/posts"}],"about":[{"href":"https:\/\/www.ambienteyenergia.gob.ec\/ambiente\/wp-json\/wp\/v2\/types\/post"}],"author":[{"embeddable":true,"href":"https:\/\/www.ambienteyenergia.gob.ec\/ambiente\/wp-json\/wp\/v2\/users\/13"}],"replies":[{"embeddable":true,"href":"https:\/\/www.ambienteyenergia.gob.ec\/ambiente\/wp-json\/wp\/v2\/comments?post=18721"}],"version-history":[{"count":0,"href":"https:\/\/www.ambienteyenergia.gob.ec\/ambiente\/wp-json\/wp\/v2\/posts\/18721\/revisions"}],"wp:featuredmedia":[{"embeddable":true,"href":"https:\/\/www.ambienteyenergia.gob.ec\/ambiente\/wp-json\/wp\/v2\/media\/18722"}],"wp:attachment":[{"href":"https:\/\/www.ambienteyenergia.gob.ec\/ambiente\/wp-json\/wp\/v2\/media?parent=18721"}],"wp:term":[{"taxonomy":"category","embeddable":true,"href":"https:\/\/www.ambienteyenergia.gob.ec\/ambiente\/wp-json\/wp\/v2\/categories?post=18721"},{"taxonomy":"post_tag","embeddable":true,"href":"https:\/\/www.ambienteyenergia.gob.ec\/ambiente\/wp-json\/wp\/v2\/tags?post=18721"}],"curies":[{"name":"wp","href":"https:\/\/api.w.org\/{rel}","templated":true}]}}