{"id":18717,"date":"2014-03-14T13:50:34","date_gmt":"2014-03-14T18:50:34","guid":{"rendered":"http:\/\/www.ambiente.gob.ec\/?p=18717"},"modified":"2014-03-14T13:50:34","modified_gmt":"2014-03-14T18:50:34","slug":"ecuador-participo-en-el-taller-de-tecnologias-para-la-adaptacion-al-cambio-climatico-en-bonn-alemania","status":"publish","type":"post","link":"https:\/\/www.ambienteyenergia.gob.ec\/ambiente\/ecuador-participo-en-el-taller-de-tecnologias-para-la-adaptacion-al-cambio-climatico-en-bonn-alemania\/","title":{"rendered":"Ecuador particip\u00f3 en el taller de Tecnolog\u00edas para la Adaptaci\u00f3n al Cambio Clim\u00e1tico en Bonn, Alemania"},"content":{"rendered":"<p style=\"text-align: justify;\">El Ministerio del Ambiente del Ecuador (MAE) particip\u00f3 en representaci\u00f3n del Grupo Am\u00e9rica Latina y el Caribe (GRULAC), en el taller de Tecnolog\u00edas para la adaptaci\u00f3n al cambio clim\u00e1tico y la Octava Reuni\u00f3n del Comit\u00e9 Ejecutivo de Tecnolog\u00eda (TEC 8), organizado por el Comit\u00e9 Ejecutivo de Tecnolog\u00eda (TEC por sus siglas en ingl\u00e9s), en colaboraci\u00f3n con el Comit\u00e9 de Adaptaci\u00f3n de la Convenci\u00f3n Marco de las Naciones Unidas sobre el Cambio Clim\u00e1tico (CMNUCC), que se desarroll\u00f3 en Bonn, Alemania. El subsecretario de Cambio Clim\u00e1tico, Eduardo Noboa, asisti\u00f3 como parte de la delegaci\u00f3n ecuatoriana, para intercambiar experiencias y explicar los avances del pa\u00eds en este tema.<\/p>\n<p style=\"text-align: justify;\">El taller realizado el pasado 4 de marzo, que precedi\u00f3 a la Octava Reuni\u00f3n del Comit\u00e9 Ejecutivo de Tecnolog\u00eda (TEC 8), sirvi\u00f3 como plataforma para compartir experiencias en el desarrollo e implementaci\u00f3n de tecnolog\u00edas para la adaptaci\u00f3n, e identificar posibles acciones y recomendaciones del TEC que podr\u00edan ayudar a promover y acelerar el desarrollo y transferencia de tecnolog\u00edas para la adaptaci\u00f3n al cambio clim\u00e1tico.<\/p>\n<p style=\"text-align: justify;\">Varios oradores presentaron estudios de casos para el desarrollo e implementaci\u00f3n de tecnolog\u00edas para la adaptaci\u00f3n en Asia, \u00c1frica y Am\u00e9rica Latina. Los delegados pudieron adem\u00e1s intercambiar puntos de vista con relaci\u00f3n a las lecciones aprendidas, dificultades de implementaci\u00f3n, b\u00fasqueda de entornos que permitan la aplicaci\u00f3n exitosa de tecnolog\u00edas para la adaptaci\u00f3n al cambio clim\u00e1tico y sugerir posibles \u00e1reas potenciales de acci\u00f3n para el TEC.<\/p>\n<p style=\"text-align: justify;\">La experiencia ecuatoriana fue expuesta por el Mark Kowal, experto internacional, a trav\u00e9s de una presentaci\u00f3n sobre \u201cTecnolog\u00edas de Adaptaci\u00f3n basadas en Conocimientos Ind\u00edgenas con un enfoque en Recursos H\u00eddricos\u201d.<\/p>\n<p style=\"text-align: justify;\">En sus observaciones finales, el Vicepresidente del TEC, Gabriel Blanco, destac\u00f3 algunas de las principales interrogantes que se discutieron en el taller, tales como factores para la exitosa implementaci\u00f3n y replicaci\u00f3n de tecnolog\u00edas, enfoques integrados, la transferencia Sur-Sur de conocimientos t\u00e9cnicos, las oportunidades para la ampliaci\u00f3n de las tecnolog\u00edas, la evaluaci\u00f3n de tecnolog\u00edas y creaci\u00f3n de capacidades.<\/p>\n<p style=\"text-align: justify;\">La 8va reuni\u00f3n del TEC cont\u00f3 con la asistencia de alrededor de 70 delegados de diferentes pa\u00edses entre los que figuraron observadores, representantes de organismos de la Organizaci\u00f3n de las Naciones Unidas (ONU), organizaciones gubernamentales y no gubernamentales, representantes de la sociedad civil, entre otros.<\/p>\n<p><strong>\u00bfQu\u00e9 es el TEC?<\/strong><\/p>\n<p>El TEC es el Comit\u00e9 Ejecutivo de Tecnolog\u00eda que funciona bajo la Convenci\u00f3n Marco de Naciones Unidas para Cambio Clim\u00e1tico (CMNUCC) y tiene el mandato de proporcionar una visi\u00f3n general de las necesidades tecnol\u00f3gicas y un an\u00e1lisis de las cuestiones t\u00e9cnicas relacionadas con el desarrollo y la transferencia de tecnolog\u00edas para la mitigaci\u00f3n y adaptaci\u00f3n. El TEC promueve adem\u00e1s la colaboraci\u00f3n entre las partes interesadas y las organizaciones pertinentes para promover la coherencia y cooperaci\u00f3n en actividades tecnol\u00f3gicas tanto dentro como fuera de la Convenci\u00f3n.<\/p>\n<p><strong>Composici\u00f3n del TEC<\/strong><\/p>\n<p>El TEC est\u00e1 conformado por veinte miembros expertos; nueve de pa\u00edses del Anexo I de la Convenci\u00f3n, tres de cada una de las siguientes regiones Asia y el Pac\u00edfico, \u00c1frica, Am\u00e9rica Latina y el Caribe; uno de los peque\u00f1os estados insulares y uno de los pa\u00edses menos desarrollados.<a href=\"http:\/\/www.ambienteyenergia.gob.ec\/ambiente\/wp-content\/uploads\/2014\/03\/Cambio-clim\u00e1tico-2.jpg\"><img loading=\"lazy\" decoding=\"async\" class=\"aligncenter size-full wp-image-18718\" alt=\"Cambio clim\u00e1tico 2\" src=\"http:\/\/www.ambienteyenergia.gob.ec\/ambiente\/wp-content\/uploads\/2014\/03\/Cambio-clim\u00e1tico-2.jpg\" width=\"300\" height=\"85\" \/><\/a><\/p>\n","protected":false},"excerpt":{"rendered":"<p class=\"excerpt\">El Ministerio del Ambiente del Ecuador (MAE) particip\u00f3 en representaci\u00f3n del Grupo Am\u00e9rica Latina y el Caribe (GRULAC), en el taller de Tecnolog\u00edas para la adaptaci\u00f3n al cambio clim\u00e1tico y la Octava Reuni\u00f3n del Comit\u00e9 Ejecutivo de Tecnolog\u00eda (TEC 8), organizado por el Comit\u00e9 Ejecutivo de Tecnolog\u00eda (TEC por sus siglas en ingl\u00e9s), en colaboraci\u00f3n con el Comit\u00e9 de Adaptaci\u00f3n&hellip; <a href=\"https:\/\/www.ambienteyenergia.gob.ec\/ambiente\/ecuador-participo-en-el-taller-de-tecnologias-para-la-adaptacion-al-cambio-climatico-en-bonn-alemania\/\">Read more &rarr;<\/a><\/p>\n","protected":false},"author":13,"featured_media":18719,"comment_status":"open","ping_status":"open","sticky":false,"template":"","format":"standard","meta":{"footnotes":""},"categories":[16,4],"tags":[133,108,53,425],"class_list":["post-18717","post","type-post","status-publish","format-standard","has-post-thumbnail","hentry","category-comunicamos","category-noticias","tag-cambio-climatico","tag-lorena-tapia","tag-mae","tag-tec","xfolkentry"],"_links":{"self":[{"href":"https:\/\/www.ambienteyenergia.gob.ec\/ambiente\/wp-json\/wp\/v2\/posts\/18717","targetHints":{"allow":["GET"]}}],"collection":[{"href":"https:\/\/www.ambienteyenergia.gob.ec\/ambiente\/wp-json\/wp\/v2\/posts"}],"about":[{"href":"https:\/\/www.ambienteyenergia.gob.ec\/ambiente\/wp-json\/wp\/v2\/types\/post"}],"author":[{"embeddable":true,"href":"https:\/\/www.ambienteyenergia.gob.ec\/ambiente\/wp-json\/wp\/v2\/users\/13"}],"replies":[{"embeddable":true,"href":"https:\/\/www.ambienteyenergia.gob.ec\/ambiente\/wp-json\/wp\/v2\/comments?post=18717"}],"version-history":[{"count":0,"href":"https:\/\/www.ambienteyenergia.gob.ec\/ambiente\/wp-json\/wp\/v2\/posts\/18717\/revisions"}],"wp:featuredmedia":[{"embeddable":true,"href":"https:\/\/www.ambienteyenergia.gob.ec\/ambiente\/wp-json\/wp\/v2\/media\/18719"}],"wp:attachment":[{"href":"https:\/\/www.ambienteyenergia.gob.ec\/ambiente\/wp-json\/wp\/v2\/media?parent=18717"}],"wp:term":[{"taxonomy":"category","embeddable":true,"href":"https:\/\/www.ambienteyenergia.gob.ec\/ambiente\/wp-json\/wp\/v2\/categories?post=18717"},{"taxonomy":"post_tag","embeddable":true,"href":"https:\/\/www.ambienteyenergia.gob.ec\/ambiente\/wp-json\/wp\/v2\/tags?post=18717"}],"curies":[{"name":"wp","href":"https:\/\/api.w.org\/{rel}","templated":true}]}}