{"id":18711,"date":"2014-03-14T12:18:52","date_gmt":"2014-03-14T17:18:52","guid":{"rendered":"http:\/\/www.ambiente.gob.ec\/?p=18711"},"modified":"2014-03-14T12:44:52","modified_gmt":"2014-03-14T17:44:52","slug":"mae-rescato-un-lobo-de-paramo-en-la-provincia-de-chimborazo","status":"publish","type":"post","link":"https:\/\/www.ambienteyenergia.gob.ec\/ambiente\/mae-rescato-un-lobo-de-paramo-en-la-provincia-de-chimborazo\/","title":{"rendered":"MAE rescat\u00f3 un lobo de p\u00e1ramo en la provincia de Chimborazo"},"content":{"rendered":"<p style=\"text-align: justify;\">En la comunidad de Iltilus, cant\u00f3n Chunchi, el d\u00eda de ayer se realiz\u00f3 el rescate de un lobo de p\u00e1ramo (<em>Lycalopex culpaens<\/em>) gracias al trabajo conjunto de la Direcci\u00f3n Provincial de Chimborazo y el personal de la Unidad de Protecci\u00f3n del Medio Ambiente (UPMA) de la Polic\u00eda Nacional. El rescate fue posible luego de una llamada telef\u00f3nica que alert\u00f3 al personal del MAE, a quien se le inform\u00f3 que el esp\u00e9cimen fue encontrado hace m\u00e1s de dos meses en los caminos comunitarios del sector.<\/p>\n<p style=\"text-align: justify;\">El ejemplar de lobo, seg\u00fan declar\u00f3 su rescatista, fue encontrado bajo una lluvia pertinaz y desorientado, motivo por el cual decidi\u00f3 llevarlo a su casa, en la cual fue alimentado, intentando darle los cuidados necesarios. El animal fue encontrado por el personal de rescate atado con una soga para evitar su escape.<\/p>\n<p style=\"text-align: justify;\">El ejemplar de vida silvestre lobo juvenil, fue rescatado y enviado para custodia temporal al Centro de Rescate de Vida Silvestre Corazary ubicado en la provincia de Azuay.<\/p>\n<p style=\"text-align: justify;\">EL MAE, a trav\u00e9s de la Direcci\u00f3n de Chimborazo, contin\u00faa interviniendo de forma inmediata en los rescates para precautelar la vida silvestre, adem\u00e1s socializa e informa en charlas de educaci\u00f3n ambiental sobre la protecci\u00f3n y conservaci\u00f3n de recursos.<\/p>\n","protected":false},"excerpt":{"rendered":"<p class=\"excerpt\">En la comunidad de Iltilus, cant\u00f3n Chunchi, el d\u00eda de ayer se realiz\u00f3 el rescate de un lobo de p\u00e1ramo (Lycalopex culpaens) gracias al trabajo conjunto de la Direcci\u00f3n Provincial de Chimborazo y el personal de la Unidad de Protecci\u00f3n del Medio Ambiente (UPMA) de la Polic\u00eda Nacional. El rescate fue posible luego de una llamada telef\u00f3nica que alert\u00f3 al&hellip; <a href=\"https:\/\/www.ambienteyenergia.gob.ec\/ambiente\/mae-rescato-un-lobo-de-paramo-en-la-provincia-de-chimborazo\/\">Read more &rarr;<\/a><\/p>\n","protected":false},"author":13,"featured_media":18712,"comment_status":"open","ping_status":"open","sticky":false,"template":"","format":"standard","meta":{"footnotes":""},"categories":[16,4,1],"tags":[101,108,53,408],"class_list":["post-18711","post","type-post","status-publish","format-standard","has-post-thumbnail","hentry","category-comunicamos","category-noticias","category-sin-categoria","tag-chimborazo","tag-lorena-tapia","tag-mae","tag-vida-silvestre","xfolkentry"],"_links":{"self":[{"href":"https:\/\/www.ambienteyenergia.gob.ec\/ambiente\/wp-json\/wp\/v2\/posts\/18711","targetHints":{"allow":["GET"]}}],"collection":[{"href":"https:\/\/www.ambienteyenergia.gob.ec\/ambiente\/wp-json\/wp\/v2\/posts"}],"about":[{"href":"https:\/\/www.ambienteyenergia.gob.ec\/ambiente\/wp-json\/wp\/v2\/types\/post"}],"author":[{"embeddable":true,"href":"https:\/\/www.ambienteyenergia.gob.ec\/ambiente\/wp-json\/wp\/v2\/users\/13"}],"replies":[{"embeddable":true,"href":"https:\/\/www.ambienteyenergia.gob.ec\/ambiente\/wp-json\/wp\/v2\/comments?post=18711"}],"version-history":[{"count":0,"href":"https:\/\/www.ambienteyenergia.gob.ec\/ambiente\/wp-json\/wp\/v2\/posts\/18711\/revisions"}],"wp:featuredmedia":[{"embeddable":true,"href":"https:\/\/www.ambienteyenergia.gob.ec\/ambiente\/wp-json\/wp\/v2\/media\/18712"}],"wp:attachment":[{"href":"https:\/\/www.ambienteyenergia.gob.ec\/ambiente\/wp-json\/wp\/v2\/media?parent=18711"}],"wp:term":[{"taxonomy":"category","embeddable":true,"href":"https:\/\/www.ambienteyenergia.gob.ec\/ambiente\/wp-json\/wp\/v2\/categories?post=18711"},{"taxonomy":"post_tag","embeddable":true,"href":"https:\/\/www.ambienteyenergia.gob.ec\/ambiente\/wp-json\/wp\/v2\/tags?post=18711"}],"curies":[{"name":"wp","href":"https:\/\/api.w.org\/{rel}","templated":true}]}}