{"id":18707,"date":"2014-03-13T22:34:17","date_gmt":"2014-03-14T03:34:17","guid":{"rendered":"http:\/\/www.ambiente.gob.ec\/?p=18707"},"modified":"2014-03-14T12:39:09","modified_gmt":"2014-03-14T17:39:09","slug":"ministra-lorena-tapia-explico-avances-de-ecuador-en-materia-de-cambio-climatico","status":"publish","type":"post","link":"https:\/\/www.ambienteyenergia.gob.ec\/ambiente\/ministra-lorena-tapia-explico-avances-de-ecuador-en-materia-de-cambio-climatico\/","title":{"rendered":"Ministra Lorena Tapia explic\u00f3 avances de Ecuador en materia de Cambio Clim\u00e1tico"},"content":{"rendered":"<p style=\"text-align: justify;\">Hoy, en el marco a XIX Reuni\u00f3n del Foro de Ministros de Medio Ambiente para Am\u00e9rica Latina y el Caribe, que se desarrolla en M\u00e9xico, la Ministra de Ambiente, Lorena Tapia, explic\u00f3 los avances del Ecuador en materia de cambio clim\u00e1tico.<\/p>\n<p style=\"text-align: justify;\">En su intervenci\u00f3n, la M\u00e1xima Autoridad Ambiental manifest\u00f3 que una de las medidas que tom\u00f3 el pa\u00eds es el establecimiento del Comit\u00e9 Interinstitucional de Cambio Clim\u00e1tico como \u00f3rgano de alto nivel, para la coordinaci\u00f3n de pol\u00edticas y acciones, que ayuden a mitigar este fen\u00f3meno.<\/p>\n<p style=\"text-align: justify;\">Asimismo, Tapia resalt\u00f3 que los compromisos de la Convenci\u00f3n se plasmaron en el Plan Nacional del Buen Vivir 2013-2017. En base a estos mandatos, el pa\u00eds incorpora criterios de mitigaci\u00f3n y adaptaci\u00f3n en la formulaci\u00f3n y evaluaci\u00f3n de planes y proyectos estrat\u00e9gicos a nivel nacional, manteniendo la coordinaci\u00f3n y participaci\u00f3n ciudadana en la gesti\u00f3n del cambio clim\u00e1tico.<\/p>\n<p style=\"text-align: justify;\">De la misma forma, la Ministra se\u00f1al\u00f3 que Ecuador cuenta con una Estrategia Nacional de Cambio Clim\u00e1tico como pol\u00edtica de Estado; donde se define la regulaci\u00f3n del mecanismo REDD+ y de acciones de mitigaci\u00f3n nacionalmente apropiadas.<\/p>\n<p style=\"text-align: justify;\">Dentro de esta estrategia, tambi\u00e9n, se desarrolla el Plan Nacional de Cambio Clim\u00e1tico que contempla los sectores de agua, agricultura y otros usos de suelo, energ\u00eda y ecosistemas; y dos ejes transversales: la gesti\u00f3n de riesgos y fortalecimiento de capacidades, y una regi\u00f3n, Gal\u00e1pagos. Las acciones contenidas en este plan contribuir\u00e1n al cambio de la matriz productiva y energ\u00e9tica del Ecuador.<\/p>\n<p style=\"text-align: justify;\">Ecuador est\u00e1 institucionalizando el cambio clim\u00e1tico en el aspecto normativo a nivel nacional, con la implementaci\u00f3n del mandato constitucional de transversalizaci\u00f3n de este fen\u00f3meno en la gesti\u00f3n p\u00fablica, as\u00ed como, en regulaci\u00f3n adjetiva de acciones de mitigaci\u00f3n como los proyectos NAMAS, REDD, CARBONO NEUTRALIDAD.<\/p>\n<p style=\"text-align: justify;\">En cuanto a las prioridades de cooperaci\u00f3n para el cambio clim\u00e1tico en el Ecuador se consideran temas prioritarios como el an\u00e1lisis econ\u00f3mico del cambio clim\u00e1tico; gesti\u00f3n de informaci\u00f3n clim\u00e1tica; promoci\u00f3n del desarrollo de tecnolog\u00edas end\u00f3genas y transferencia de tecnolog\u00edas para adaptaci\u00f3n y mitigaci\u00f3n; y desarrollo y fortalecimiento de capacidades t\u00e9cnicas e institucionales.<\/p>\n<p style=\"text-align: justify;\">Finalmente, Tapia puso a consideraci\u00f3n de la plenaria propuestas como la aplicaci\u00f3n de mecanismos financieros regionales, en este sentido, es necesario cooperaci\u00f3n t\u00e9cnica; intercambio de experiencias, promoci\u00f3n de tecnolog\u00edas locales y generar una red de conocimiento; as\u00ed como la creaci\u00f3n de una plataforma de intercambio de experiencias regionales.<\/p>\n<p><strong>Residuos S\u00f3lidos<\/strong><\/p>\n<p style=\"text-align: justify;\">En cuanto al manejo de desechos s\u00f3lidos resalt\u00f3 el trabajo del Programa Nacional de Gesti\u00f3n Integral de Desechos S\u00f3lidos a cargo del MAE que involucra tres hitos importantes que el pa\u00eds se ha planteado. En primer lugar la reducci\u00f3n de pasivos ambientales, la generaci\u00f3n de un Plan Nacional de Desechos S\u00f3lidos y el aprovechamiento de los mismos. Desarrollando una pol\u00edtica p\u00fablica, normativa e integral para generar una normativa ambiental con pol\u00edticas claras que beneficiar\u00e1 a todos los ecuatorianos.<\/p>\n","protected":false},"excerpt":{"rendered":"<p class=\"excerpt\">Hoy, en el marco a XIX Reuni\u00f3n del Foro de Ministros de Medio Ambiente para Am\u00e9rica Latina y el Caribe, que se desarrolla en M\u00e9xico, la Ministra de Ambiente, Lorena Tapia, explic\u00f3 los avances del Ecuador en materia de cambio clim\u00e1tico. En su intervenci\u00f3n, la M\u00e1xima Autoridad Ambiental manifest\u00f3 que una de las medidas que tom\u00f3 el pa\u00eds es el&hellip; <a href=\"https:\/\/www.ambienteyenergia.gob.ec\/ambiente\/ministra-lorena-tapia-explico-avances-de-ecuador-en-materia-de-cambio-climatico\/\">Read more &rarr;<\/a><\/p>\n","protected":false},"author":13,"featured_media":18708,"comment_status":"open","ping_status":"open","sticky":false,"template":"","format":"standard","meta":{"footnotes":""},"categories":[16,4],"tags":[133,108,53,424],"class_list":["post-18707","post","type-post","status-publish","format-standard","has-post-thumbnail","hentry","category-comunicamos","category-noticias","tag-cambio-climatico","tag-lorena-tapia","tag-mae","tag-residuos-solidos","xfolkentry"],"_links":{"self":[{"href":"https:\/\/www.ambienteyenergia.gob.ec\/ambiente\/wp-json\/wp\/v2\/posts\/18707","targetHints":{"allow":["GET"]}}],"collection":[{"href":"https:\/\/www.ambienteyenergia.gob.ec\/ambiente\/wp-json\/wp\/v2\/posts"}],"about":[{"href":"https:\/\/www.ambienteyenergia.gob.ec\/ambiente\/wp-json\/wp\/v2\/types\/post"}],"author":[{"embeddable":true,"href":"https:\/\/www.ambienteyenergia.gob.ec\/ambiente\/wp-json\/wp\/v2\/users\/13"}],"replies":[{"embeddable":true,"href":"https:\/\/www.ambienteyenergia.gob.ec\/ambiente\/wp-json\/wp\/v2\/comments?post=18707"}],"version-history":[{"count":0,"href":"https:\/\/www.ambienteyenergia.gob.ec\/ambiente\/wp-json\/wp\/v2\/posts\/18707\/revisions"}],"wp:featuredmedia":[{"embeddable":true,"href":"https:\/\/www.ambienteyenergia.gob.ec\/ambiente\/wp-json\/wp\/v2\/media\/18708"}],"wp:attachment":[{"href":"https:\/\/www.ambienteyenergia.gob.ec\/ambiente\/wp-json\/wp\/v2\/media?parent=18707"}],"wp:term":[{"taxonomy":"category","embeddable":true,"href":"https:\/\/www.ambienteyenergia.gob.ec\/ambiente\/wp-json\/wp\/v2\/categories?post=18707"},{"taxonomy":"post_tag","embeddable":true,"href":"https:\/\/www.ambienteyenergia.gob.ec\/ambiente\/wp-json\/wp\/v2\/tags?post=18707"}],"curies":[{"name":"wp","href":"https:\/\/api.w.org\/{rel}","templated":true}]}}