{"id":18704,"date":"2014-03-13T15:01:57","date_gmt":"2014-03-13T20:01:57","guid":{"rendered":"http:\/\/www.ambiente.gob.ec\/?p=18704"},"modified":"2014-03-13T15:01:57","modified_gmt":"2014-03-13T20:01:57","slug":"mae-y-municipio-de-muisne-coordinan-acciones-para-una-gestion-responsable-de-desechos-solidos","status":"publish","type":"post","link":"https:\/\/www.ambienteyenergia.gob.ec\/ambiente\/mae-y-municipio-de-muisne-coordinan-acciones-para-una-gestion-responsable-de-desechos-solidos\/","title":{"rendered":"MAE y Municipio de Muisne coordinan acciones para una gesti\u00f3n responsable de desechos s\u00f3lidos"},"content":{"rendered":"<p style=\"text-align: justify;\">El Ministerio del Ambiente del Ecuador (MAE), a trav\u00e9s del Programa Nacional para la Gesti\u00f3n Integral de Desechos S\u00f3lidos (PNGIDS), brindar\u00e1 asesoramiento t\u00e9cnico al Municipio de Muisne de la provincia de Esmeraldas, para ejecutar acciones que alivien la situaci\u00f3n ambiental y sanitaria en la que se encuentra el botadero cantonal.<\/p>\n<p style=\"text-align: justify;\">Este acuerdo se da en el marco de la inspecci\u00f3n que se realiz\u00f3, el d\u00eda de ayer, con la presencia de representantes de diferentes instituciones como el MAE, GAD Municipal, Direcci\u00f3n Provincial de Salud y la Secretar\u00eda Nacional del Agua (SENAGUA).<\/p>\n<p style=\"text-align: justify;\">Durante el recorrido, los funcionarios evidenciaron la situaci\u00f3n actual del botadero cantonal de Muise, el cual no cuenta con recolecci\u00f3n de residuos s\u00f3lidos, ni tampoco personal que controle el ingreso de los veh\u00edculos que llegan a depositar sus desechos.<\/p>\n<p style=\"text-align: justify;\">Es por tal motivo que los representantes de las instituciones involucradas, luego de realizada la inspecci\u00f3n, firmaron un Acta de Compromisos para mejorar la gesti\u00f3n de desechos s\u00f3lidos del lugar, para evitar los efectos ambientales y sanitarios que esto conlleva.<\/p>\n<p style=\"text-align: justify;\">Entre las primeras acciones a realizar, el Municipio del Cant\u00f3n se comprometi\u00f3 a delimitar la parte frontal del botadero con la construcci\u00f3n de un cerramiento; remover los desechos hacia la parte posterior de los terrenos de manera inmediata y adecuar la v\u00eda de acceso.<\/p>\n<p style=\"text-align: justify;\">A m\u00e1s de esto se prev\u00e9 que el 25 de marzo pr\u00f3ximo se realice una nueva inspecci\u00f3n, con el fin de asegurar el real cumplimiento de los compromisos acordados, apegados a las normas ambientales y de seguridad necesarias.<\/p>\n<p style=\"text-align: justify;\"><strong>Sobre residuos s\u00f3lidos<\/strong><\/p>\n<p style=\"text-align: justify;\">En la actualidad el cant\u00f3n Muisne, es uno de los cantones priorizados en la consultor\u00eda de \u201cEstudios de Dise\u00f1o Definitivo de Cierre T\u00e9cnico de Botaderos y Celda Emergente\u201d, que tiene como objetivo contribuir al mejoramiento ambiental mediante el cierre t\u00e9cnico y saneamiento de botaderos de basura que han generado impactos negativos y pasivos ambientales debido a la inadecuada disposici\u00f3n final de los residuos s\u00f3lidos.<\/p>\n","protected":false},"excerpt":{"rendered":"<p class=\"excerpt\">El Ministerio del Ambiente del Ecuador (MAE), a trav\u00e9s del Programa Nacional para la Gesti\u00f3n Integral de Desechos S\u00f3lidos (PNGIDS), brindar\u00e1 asesoramiento t\u00e9cnico al Municipio de Muisne de la provincia de Esmeraldas, para ejecutar acciones que alivien la situaci\u00f3n ambiental y sanitaria en la que se encuentra el botadero cantonal. Este acuerdo se da en el marco de la inspecci\u00f3n&hellip; <a href=\"https:\/\/www.ambienteyenergia.gob.ec\/ambiente\/mae-y-municipio-de-muisne-coordinan-acciones-para-una-gestion-responsable-de-desechos-solidos\/\">Read more &rarr;<\/a><\/p>\n","protected":false},"author":13,"featured_media":18705,"comment_status":"open","ping_status":"open","sticky":false,"template":"","format":"standard","meta":{"footnotes":""},"categories":[16,4],"tags":[92,423,108,53],"class_list":["post-18704","post","type-post","status-publish","format-standard","has-post-thumbnail","hentry","category-comunicamos","category-noticias","tag-desechos-solidos","tag-direccion-provincial-de-ambiente-de-esmeraldas","tag-lorena-tapia","tag-mae","xfolkentry"],"_links":{"self":[{"href":"https:\/\/www.ambienteyenergia.gob.ec\/ambiente\/wp-json\/wp\/v2\/posts\/18704","targetHints":{"allow":["GET"]}}],"collection":[{"href":"https:\/\/www.ambienteyenergia.gob.ec\/ambiente\/wp-json\/wp\/v2\/posts"}],"about":[{"href":"https:\/\/www.ambienteyenergia.gob.ec\/ambiente\/wp-json\/wp\/v2\/types\/post"}],"author":[{"embeddable":true,"href":"https:\/\/www.ambienteyenergia.gob.ec\/ambiente\/wp-json\/wp\/v2\/users\/13"}],"replies":[{"embeddable":true,"href":"https:\/\/www.ambienteyenergia.gob.ec\/ambiente\/wp-json\/wp\/v2\/comments?post=18704"}],"version-history":[{"count":0,"href":"https:\/\/www.ambienteyenergia.gob.ec\/ambiente\/wp-json\/wp\/v2\/posts\/18704\/revisions"}],"wp:featuredmedia":[{"embeddable":true,"href":"https:\/\/www.ambienteyenergia.gob.ec\/ambiente\/wp-json\/wp\/v2\/media\/18705"}],"wp:attachment":[{"href":"https:\/\/www.ambienteyenergia.gob.ec\/ambiente\/wp-json\/wp\/v2\/media?parent=18704"}],"wp:term":[{"taxonomy":"category","embeddable":true,"href":"https:\/\/www.ambienteyenergia.gob.ec\/ambiente\/wp-json\/wp\/v2\/categories?post=18704"},{"taxonomy":"post_tag","embeddable":true,"href":"https:\/\/www.ambienteyenergia.gob.ec\/ambiente\/wp-json\/wp\/v2\/tags?post=18704"}],"curies":[{"name":"wp","href":"https:\/\/api.w.org\/{rel}","templated":true}]}}