{"id":18698,"date":"2014-03-13T09:23:42","date_gmt":"2014-03-13T14:23:42","guid":{"rendered":"http:\/\/www.ambiente.gob.ec\/?p=18698"},"modified":"2014-03-13T09:23:42","modified_gmt":"2014-03-13T14:23:42","slug":"mae-rinde-homenaje-a-portoviejo-con-una-caminata-ecologica","status":"publish","type":"post","link":"https:\/\/www.ambienteyenergia.gob.ec\/ambiente\/mae-rinde-homenaje-a-portoviejo-con-una-caminata-ecologica\/","title":{"rendered":"MAE rinde homenaje a Portoviejo con una caminata ecol\u00f3gica"},"content":{"rendered":"<p style=\"text-align: justify;\">Con el fin de contribuir a la preservaci\u00f3n del ambiente y transmitir un mensaje de colaboraci\u00f3n y trabajo en equipo, el Ministerio del Ambiente del Ecuador (MAE), como un homenaje al recordar 479 a\u00f1os de Fundaci\u00f3n de Portoviejo, realizar\u00e1 el pr\u00f3ximo domingo, 16 de marzo, la Primera Caminata Ecol\u00f3gica, en la parroquia Crucita, a partir de las 10:30.<\/p>\n<p style=\"text-align: justify;\">\u00c1ngelo Traverso, coordinador zonal del MAE, inform\u00f3 que a la iniciativa de esta Cartera de Estado se sumaron la reina de Portoviejo, Mar\u00eda Janeth Pazmi\u00f1o y otras instituciones comprometidas con el ambiente. El programa iniciar\u00e1 en el sitio Los Arenales, recorrer\u00e1 varios sectores y culminar\u00e1 frente a la Hoster\u00eda Casa Grande.<\/p>\n<p style=\"text-align: justify;\">Asimismo, Traverso destac\u00f3 que dentro de las actividades programadas, el MAE junto con voluntarios del Servicio Civil Ciudadano-Gesti\u00f3n Ambiental, efectuar\u00e1 una minga de limpieza para lo cual se entregar\u00e1n sacos, guantes y otros materiales para emprender una jornada de recolecci\u00f3n de desechos en la playa de Crucita. Adem\u00e1s, como parte de la campa\u00f1a Ecuador Limpio, en el trayecto de la playa se instalar\u00e1n vallas con mensajes alusivos para que los turistas no arrojen basura.<\/p>\n<p style=\"text-align: justify;\">Una vez culminada la caminata, los participantes podr\u00e1n visitar un stand del MAE, donde se expondr\u00e1 informaci\u00f3n de las actividades que se emprenden en las \u00e1reas protegidas Parque Nacional Machalilla, Refugio de Vida Silvestre Isla Coraz\u00f3n y Fragatas, y el Refugio de Vida Silvestre Marino y Costero Pacoche.<\/p>\n","protected":false},"excerpt":{"rendered":"<p class=\"excerpt\">Con el fin de contribuir a la preservaci\u00f3n del ambiente y transmitir un mensaje de colaboraci\u00f3n y trabajo en equipo, el Ministerio del Ambiente del Ecuador (MAE), como un homenaje al recordar 479 a\u00f1os de Fundaci\u00f3n de Portoviejo, realizar\u00e1 el pr\u00f3ximo domingo, 16 de marzo, la Primera Caminata Ecol\u00f3gica, en la parroquia Crucita, a partir de las 10:30. \u00c1ngelo Traverso,&hellip; <a href=\"https:\/\/www.ambienteyenergia.gob.ec\/ambiente\/mae-rinde-homenaje-a-portoviejo-con-una-caminata-ecologica\/\">Read more &rarr;<\/a><\/p>\n","protected":false},"author":13,"featured_media":18699,"comment_status":"open","ping_status":"open","sticky":false,"template":"","format":"standard","meta":{"footnotes":""},"categories":[16,4],"tags":[92,108,53,60],"class_list":["post-18698","post","type-post","status-publish","format-standard","has-post-thumbnail","hentry","category-comunicamos","category-noticias","tag-desechos-solidos","tag-lorena-tapia","tag-mae","tag-manabi","xfolkentry"],"_links":{"self":[{"href":"https:\/\/www.ambienteyenergia.gob.ec\/ambiente\/wp-json\/wp\/v2\/posts\/18698","targetHints":{"allow":["GET"]}}],"collection":[{"href":"https:\/\/www.ambienteyenergia.gob.ec\/ambiente\/wp-json\/wp\/v2\/posts"}],"about":[{"href":"https:\/\/www.ambienteyenergia.gob.ec\/ambiente\/wp-json\/wp\/v2\/types\/post"}],"author":[{"embeddable":true,"href":"https:\/\/www.ambienteyenergia.gob.ec\/ambiente\/wp-json\/wp\/v2\/users\/13"}],"replies":[{"embeddable":true,"href":"https:\/\/www.ambienteyenergia.gob.ec\/ambiente\/wp-json\/wp\/v2\/comments?post=18698"}],"version-history":[{"count":0,"href":"https:\/\/www.ambienteyenergia.gob.ec\/ambiente\/wp-json\/wp\/v2\/posts\/18698\/revisions"}],"wp:featuredmedia":[{"embeddable":true,"href":"https:\/\/www.ambienteyenergia.gob.ec\/ambiente\/wp-json\/wp\/v2\/media\/18699"}],"wp:attachment":[{"href":"https:\/\/www.ambienteyenergia.gob.ec\/ambiente\/wp-json\/wp\/v2\/media?parent=18698"}],"wp:term":[{"taxonomy":"category","embeddable":true,"href":"https:\/\/www.ambienteyenergia.gob.ec\/ambiente\/wp-json\/wp\/v2\/categories?post=18698"},{"taxonomy":"post_tag","embeddable":true,"href":"https:\/\/www.ambienteyenergia.gob.ec\/ambiente\/wp-json\/wp\/v2\/tags?post=18698"}],"curies":[{"name":"wp","href":"https:\/\/api.w.org\/{rel}","templated":true}]}}