{"id":18695,"date":"2014-03-12T20:01:51","date_gmt":"2014-03-13T01:01:51","guid":{"rendered":"http:\/\/www.ambiente.gob.ec\/?p=18695"},"modified":"2014-03-12T20:02:09","modified_gmt":"2014-03-13T01:02:09","slug":"ministra-lorena-tapia-entrego-presidencia-del-foro-de-ministros-de-ambiente-en-mexico","status":"publish","type":"post","link":"https:\/\/www.ambienteyenergia.gob.ec\/ambiente\/ministra-lorena-tapia-entrego-presidencia-del-foro-de-ministros-de-ambiente-en-mexico\/","title":{"rendered":"Ministra Lorena Tapia entreg\u00f3 Presidencia del Foro de Ministros  de Ambiente en M\u00e9xico"},"content":{"rendered":"<p style=\"text-align: justify;\">Hoy la ministra del Ambiente, Lorena Tapia, entreg\u00f3 en M\u00e9xico la Presidencia del Foro de Ministros de Ambiente de M\u00e9xico. En su discurso la M\u00e1xima Autoridad Ambiental del Ecuador posicion\u00f3 las propuestas e iniciativas nacionales que se plantean en el contexto del desarrollo sostenible. \u00abCada uno de los pa\u00edses de la regi\u00f3n de Am\u00e9rica Latina y el Caribe estamos aunando esfuerzos y trabajando en acciones conjuntas que permitan avanzar en la construcci\u00f3n de una visi\u00f3n regional hacia el desarrollo sostenible, que contribuye adem\u00e1s a posicionar el Foro de Ministros de Medio Ambiente del Programa de Naciones Unidas como la plataforma de coordinaci\u00f3n regional que nos permite fortalecer las capacidades de la gesti\u00f3n ambiental de nuestra regi\u00f3n, y el di\u00e1logo en temas prioritarios de la agenda mundial\u00bb, recalc\u00f3 la Ministra durante su intervenci\u00f3n en la XIX Reuni\u00f3n del foro de Ministros de Medio Ambiente para Am\u00e9rica Latina y el Caribe que se celebra en M\u00e9xico.<\/p>\n<p style=\"text-align: justify;\">En ese contexto, record\u00f3 que Ecuador fue la sede en 2012 del D\u00e9cimo Octavo encuentro de autoridades del Medio Ambiente realizado en Quito en el 2012 donde, adem\u00e1s, en 2013 se acogi\u00f3 el Primer Foro de Ministros del Ambiente de la Comunidad de Estados Latinoamericanos y Caribe\u00f1os (Celac), que marc\u00f3 un hito para el proceso de consolidaci\u00f3n de la regi\u00f3n.<\/p>\n<p style=\"text-align: justify;\">\u00abFortalecer la agenda mundial en favor del ambiente, y la gobernanza ambiental internacional es necesaria para promover la integraci\u00f3n equilibrada de las dimensiones econ\u00f3mica, social y ambiental en todos los rincones del mundo. Todo ello pensado, definitivamente, en beneficio del presente y del futuro de los ciudadanos a quienes nos debemos como autoridades ambientales en nuestros pa\u00edses\u00bb, recalc\u00f3 en su discurso la Ministra Tapia ante los representantes de los diferentes pa\u00edses quienes aplaudieron su intervenci\u00f3n.<\/p>\n<p style=\"text-align: justify;\">Agreg\u00f3 que el prop\u00f3sito de estas acciones, sin duda, es garantizar un sistema ampliamente consultivo que brinde apoyo a la agenda de las Naciones Unidas para el Desarrollo que inste a un enfoque en pol\u00edticas integradas para garantizar el desarrollo econ\u00f3mico, social y la sostenibilidad medioambiental.<\/p>\n<p style=\"text-align: justify;\">Respecto al compromiso de cada pa\u00eds frente a la situaci\u00f3n ambiental del planeta, destac\u00f3 que \u00abtodos los pa\u00edses del mundo debemos responder al cambio clim\u00e1tico con base en el principio de las responsabilidades comunes pero diferenciadas; en concordancia con nuestros niveles de contaminaci\u00f3n y nuestras capacidades\u00bb.<\/p>\n<p style=\"text-align: justify;\">Durante su alocuci\u00f3n destac\u00f3 que el Ecuador ha fortalecido la gesti\u00f3n ambiental y por ello como pa\u00eds ha tenido una distinci\u00f3n y reconocimiento a nivel mundial ya que Quito ser\u00e1 la sede oficial de la D\u00e9cimo Primera Conferencia de las Partes de la Convenci\u00f3n de las Especies Migratorias en noviembre pr\u00f3ximo. Adem\u00e1s destac\u00f3 que la vig\u00e9sima COP de Cambio Clim\u00e1tico tendr\u00e1 lugar en Lima (Per\u00fa), lo cual constituye un hito para la regi\u00f3n. En ese sentido, dijo que \u00absin lugar a dudas, la celebraci\u00f3n de dos Conferencias de las Partes en Am\u00e9rica Latina en este a\u00f1o da un giro hist\u00f3rico dentro de la agenda internacional, por lo que cada espacio ser\u00e1 a\u00fan m\u00e1s estrat\u00e9gico para posicionar los temas prioritarios de la regi\u00f3n\u00bb.<\/p>\n<p style=\"text-align: justify;\">Para concluir, la Ministra Lorena Tapia invit\u00f3 a los Ministros de Estado a recordar que \u00abunidos lograremos la inserci\u00f3n soberana de nuestros pa\u00edses en la econom\u00eda y pol\u00edtica mundial, para construir la soberan\u00eda energ\u00e9tica de la regi\u00f3n, garantizar los derechos a la alimentaci\u00f3n y al desarrollo de nuestros pueblos, reducir la p\u00e9rdida de la biodiversidad, combatir el cambio clim\u00e1tico, erradicar la pobreza y superar los desaf\u00edos que nos plantea la crisis ecol\u00f3gica global\u00bb.<\/p>\n","protected":false},"excerpt":{"rendered":"<p class=\"excerpt\">Hoy la ministra del Ambiente, Lorena Tapia, entreg\u00f3 en M\u00e9xico la Presidencia del Foro de Ministros de Ambiente de M\u00e9xico. En su discurso la M\u00e1xima Autoridad Ambiental del Ecuador posicion\u00f3 las propuestas e iniciativas nacionales que se plantean en el contexto del desarrollo sostenible. \u00abCada uno de los pa\u00edses de la regi\u00f3n de Am\u00e9rica Latina y el Caribe estamos aunando&hellip; <a href=\"https:\/\/www.ambienteyenergia.gob.ec\/ambiente\/ministra-lorena-tapia-entrego-presidencia-del-foro-de-ministros-de-ambiente-en-mexico\/\">Read more &rarr;<\/a><\/p>\n","protected":false},"author":13,"featured_media":18696,"comment_status":"open","ping_status":"open","sticky":false,"template":"","format":"standard","meta":{"footnotes":""},"categories":[16,4],"tags":[133,422,108,53],"class_list":["post-18695","post","type-post","status-publish","format-standard","has-post-thumbnail","hentry","category-comunicamos","category-noticias","tag-cambio-climatico","tag-foro-de-ministros","tag-lorena-tapia","tag-mae","xfolkentry"],"_links":{"self":[{"href":"https:\/\/www.ambienteyenergia.gob.ec\/ambiente\/wp-json\/wp\/v2\/posts\/18695","targetHints":{"allow":["GET"]}}],"collection":[{"href":"https:\/\/www.ambienteyenergia.gob.ec\/ambiente\/wp-json\/wp\/v2\/posts"}],"about":[{"href":"https:\/\/www.ambienteyenergia.gob.ec\/ambiente\/wp-json\/wp\/v2\/types\/post"}],"author":[{"embeddable":true,"href":"https:\/\/www.ambienteyenergia.gob.ec\/ambiente\/wp-json\/wp\/v2\/users\/13"}],"replies":[{"embeddable":true,"href":"https:\/\/www.ambienteyenergia.gob.ec\/ambiente\/wp-json\/wp\/v2\/comments?post=18695"}],"version-history":[{"count":0,"href":"https:\/\/www.ambienteyenergia.gob.ec\/ambiente\/wp-json\/wp\/v2\/posts\/18695\/revisions"}],"wp:featuredmedia":[{"embeddable":true,"href":"https:\/\/www.ambienteyenergia.gob.ec\/ambiente\/wp-json\/wp\/v2\/media\/18696"}],"wp:attachment":[{"href":"https:\/\/www.ambienteyenergia.gob.ec\/ambiente\/wp-json\/wp\/v2\/media?parent=18695"}],"wp:term":[{"taxonomy":"category","embeddable":true,"href":"https:\/\/www.ambienteyenergia.gob.ec\/ambiente\/wp-json\/wp\/v2\/categories?post=18695"},{"taxonomy":"post_tag","embeddable":true,"href":"https:\/\/www.ambienteyenergia.gob.ec\/ambiente\/wp-json\/wp\/v2\/tags?post=18695"}],"curies":[{"name":"wp","href":"https:\/\/api.w.org\/{rel}","templated":true}]}}