{"id":18692,"date":"2014-03-12T16:05:16","date_gmt":"2014-03-12T21:05:16","guid":{"rendered":"http:\/\/www.ambiente.gob.ec\/?p=18692"},"modified":"2014-03-12T16:05:16","modified_gmt":"2014-03-12T21:05:16","slug":"sostenibilidad-y-cambio-climatico-en-el-proximo-directorio-de-la-red-iberoamericana-de-bosques-modelo","status":"publish","type":"post","link":"https:\/\/www.ambienteyenergia.gob.ec\/ambiente\/sostenibilidad-y-cambio-climatico-en-el-proximo-directorio-de-la-red-iberoamericana-de-bosques-modelo\/","title":{"rendered":"Sostenibilidad y Cambio Clim\u00e1tico en el pr\u00f3ximo Directorio de la Red Iberoamericana de Bosques Modelo"},"content":{"rendered":"<p style=\"text-align: justify;\">En el marco del Directorio de la Red Iberoamericana de Bosques Modelo (RIABM) -que este a\u00f1o se realizar\u00e1 en Ecuador- se llevar\u00e1 a cabo el taller \u201cLa construcci\u00f3n de la sostenibilidad para la gesti\u00f3n territorial: Experiencia de los Bosques Modelo en tiempos de cambio clim\u00e1tico\u201d. El evento se desarrollar\u00e1 el 20 y 21 de marzo, en la Reserva Comunitaria Yunguilla y contar\u00e1 con la participaci\u00f3n de 40 representantes de pa\u00edses sudamericanos, de Europa y el Caribe.<\/p>\n<p style=\"text-align: justify;\">Los temas que se discutir\u00e1n son experiencias relacionadas a estrategias de gobernanza territorial, de integraci\u00f3n de fuentes de recursos, de seguridad alimentaria, y para el desarrollo e implementaci\u00f3n de incentivos y PSA; alianzas p\u00fablico-privadas; gesti\u00f3n de la informaci\u00f3n para enfrentar el cambio clim\u00e1tico; preparaci\u00f3n local para las estrategias REDD; mitigaci\u00f3n al cambio clim\u00e1tico y promoci\u00f3n del manejo forestal sostenible.<\/p>\n<p style=\"text-align: justify;\">El Ecuador es parte de la RIABM desde el 2013, luego de la gesti\u00f3n realizada por una delegaci\u00f3n del pa\u00eds conformada por representantes del Ministerio del Ambiente del Ecuador (MAE) y de la Corporaci\u00f3n Nacional de Bosques y Reservas Privadas del Ecuador (CNBRPE), con el apoyo del Proyecto de Sostenibilidad Financiera para el Sistema Nacional de \u00c1reas Protegidas.<\/p>\n<p style=\"text-align: justify;\">La RIABM enlaza territorios donde se impulsan iniciativas para el buen manejo de los bosques y recursos naturales y es una alianza voluntaria entre Bosques Modelo, respaldados por representaciones gubernamentales de cada pa\u00eds miembro.<\/p>\n<p style=\"text-align: justify;\">Esta es la primera organizaci\u00f3n regional y voluntaria que agrupa a 14 pa\u00edses de Am\u00e9rica Central, Am\u00e9rica del Sur, el Caribe y Espa\u00f1a para gestionar el conocimiento e intercambio de experiencias de los Bosques Modelo en Iberoam\u00e9rica.<\/p>\n<p style=\"text-align: justify;\">La RIABM es una de las seis redes regionales de la Red Internacional de Bosques Modelo junto con la Red Mediterr\u00e1nea, la Red Africana, la Red Asi\u00e1tica, la Red Circumboreal y la Red Canadiense de Bosques Modelo.<\/p>\n","protected":false},"excerpt":{"rendered":"<p class=\"excerpt\">En el marco del Directorio de la Red Iberoamericana de Bosques Modelo (RIABM) -que este a\u00f1o se realizar\u00e1 en Ecuador- se llevar\u00e1 a cabo el taller \u201cLa construcci\u00f3n de la sostenibilidad para la gesti\u00f3n territorial: Experiencia de los Bosques Modelo en tiempos de cambio clim\u00e1tico\u201d. El evento se desarrollar\u00e1 el 20 y 21 de marzo, en la Reserva Comunitaria Yunguilla&hellip; <a href=\"https:\/\/www.ambienteyenergia.gob.ec\/ambiente\/sostenibilidad-y-cambio-climatico-en-el-proximo-directorio-de-la-red-iberoamericana-de-bosques-modelo\/\">Read more &rarr;<\/a><\/p>\n","protected":false},"author":13,"featured_media":18693,"comment_status":"open","ping_status":"open","sticky":false,"template":"","format":"standard","meta":{"footnotes":""},"categories":[16,4],"tags":[133,108,53,421],"class_list":["post-18692","post","type-post","status-publish","format-standard","has-post-thumbnail","hentry","category-comunicamos","category-noticias","tag-cambio-climatico","tag-lorena-tapia","tag-mae","tag-riabm","xfolkentry"],"_links":{"self":[{"href":"https:\/\/www.ambienteyenergia.gob.ec\/ambiente\/wp-json\/wp\/v2\/posts\/18692","targetHints":{"allow":["GET"]}}],"collection":[{"href":"https:\/\/www.ambienteyenergia.gob.ec\/ambiente\/wp-json\/wp\/v2\/posts"}],"about":[{"href":"https:\/\/www.ambienteyenergia.gob.ec\/ambiente\/wp-json\/wp\/v2\/types\/post"}],"author":[{"embeddable":true,"href":"https:\/\/www.ambienteyenergia.gob.ec\/ambiente\/wp-json\/wp\/v2\/users\/13"}],"replies":[{"embeddable":true,"href":"https:\/\/www.ambienteyenergia.gob.ec\/ambiente\/wp-json\/wp\/v2\/comments?post=18692"}],"version-history":[{"count":0,"href":"https:\/\/www.ambienteyenergia.gob.ec\/ambiente\/wp-json\/wp\/v2\/posts\/18692\/revisions"}],"wp:featuredmedia":[{"embeddable":true,"href":"https:\/\/www.ambienteyenergia.gob.ec\/ambiente\/wp-json\/wp\/v2\/media\/18693"}],"wp:attachment":[{"href":"https:\/\/www.ambienteyenergia.gob.ec\/ambiente\/wp-json\/wp\/v2\/media?parent=18692"}],"wp:term":[{"taxonomy":"category","embeddable":true,"href":"https:\/\/www.ambienteyenergia.gob.ec\/ambiente\/wp-json\/wp\/v2\/categories?post=18692"},{"taxonomy":"post_tag","embeddable":true,"href":"https:\/\/www.ambienteyenergia.gob.ec\/ambiente\/wp-json\/wp\/v2\/tags?post=18692"}],"curies":[{"name":"wp","href":"https:\/\/api.w.org\/{rel}","templated":true}]}}