{"id":18683,"date":"2014-03-12T10:52:42","date_gmt":"2014-03-12T15:52:42","guid":{"rendered":"http:\/\/www.ambiente.gob.ec\/?p=18683"},"modified":"2014-03-12T10:52:42","modified_gmt":"2014-03-12T15:52:42","slug":"mae-y-voluntarios-del-scc-trabajaron-juntos-en-la-limpieza-de-ballenita","status":"publish","type":"post","link":"https:\/\/www.ambienteyenergia.gob.ec\/ambiente\/mae-y-voluntarios-del-scc-trabajaron-juntos-en-la-limpieza-de-ballenita\/","title":{"rendered":"MAE y voluntarios del SCC trabajaron juntos en la limpieza de Ballenita"},"content":{"rendered":"<p style=\"text-align: justify;\">Ayer, el Ministerio del Ambiente del Ecuador (MAE), con el apoyo de j\u00f3venes voluntarios del Servicio Civil Ciudadano (SCC), realiz\u00f3 una limpieza integral en la playa de Ballenita, ubicada en la provincia de Santa Elena.<\/p>\n<p style=\"text-align: justify;\">Adem\u00e1s de la recolecci\u00f3n de desechos se efectu\u00f3 una categorizaci\u00f3n, pesaje y disposici\u00f3n final, en una extensi\u00f3n de 900 metros, que comprend\u00eda desde el sector de los prestadores de servicios de alimentaci\u00f3n, hasta el varadero de embarcaciones.<\/p>\n<p style=\"text-align: justify;\">En total se recogieron 81 kg, de los cuales 41 kg son de vidrio (botellas de cervezas), 27 kg de nylon, 9 kg de pl\u00e1stico y 4 kg de lata.<\/p>\n<p style=\"text-align: justify;\">Cabe se\u00f1alar, que la disposici\u00f3n final de los desechos acopiados se la hizo en coordinaci\u00f3n con la Empresa Municipal de Aseo de Santa Elena (EMASA).<\/p>\n<p style=\"text-align: justify;\">Con esta iniciativa, la contaminaci\u00f3n del ecosistema marino se redujo de manera notable, obteniendo como resultado una imagen positiva de la playa.<\/p>\n<p style=\"text-align: justify;\">El MAE, como principal rector ambiental del pa\u00eds, siempre est\u00e1 velando por el cuidado y la conservaci\u00f3n de los espacios naturales.<\/p>\n<p style=\"text-align: justify;\"><a href=\"http:\/\/www.ambienteyenergia.gob.ec\/ambiente\/wp-content\/uploads\/2014\/03\/Limpieza-playas-Ballenita1.jpg\"><img loading=\"lazy\" decoding=\"async\" class=\"aligncenter size-full wp-image-18684\" alt=\"Limpieza playas Ballenita1\" src=\"http:\/\/www.ambienteyenergia.gob.ec\/ambiente\/wp-content\/uploads\/2014\/03\/Limpieza-playas-Ballenita1.jpg\" width=\"300\" height=\"225\" \/><\/a> <a href=\"http:\/\/www.ambienteyenergia.gob.ec\/ambiente\/wp-content\/uploads\/2014\/03\/Limpieza-playas-Ballenita2.jpg\"><img loading=\"lazy\" decoding=\"async\" class=\"aligncenter size-large wp-image-18685\" alt=\"Limpieza playas Ballenita2\" src=\"http:\/\/www.ambienteyenergia.gob.ec\/ambiente\/wp-content\/uploads\/2014\/03\/Limpieza-playas-Ballenita2.jpg\" width=\"300\" height=\"225\" \/><\/a><\/p>\n","protected":false},"excerpt":{"rendered":"<p class=\"excerpt\">Ayer, el Ministerio del Ambiente del Ecuador (MAE), con el apoyo de j\u00f3venes voluntarios del Servicio Civil Ciudadano (SCC), realiz\u00f3 una limpieza integral en la playa de Ballenita, ubicada en la provincia de Santa Elena. Adem\u00e1s de la recolecci\u00f3n de desechos se efectu\u00f3 una categorizaci\u00f3n, pesaje y disposici\u00f3n final, en una extensi\u00f3n de 900 metros, que comprend\u00eda desde el sector&hellip; <a href=\"https:\/\/www.ambienteyenergia.gob.ec\/ambiente\/mae-y-voluntarios-del-scc-trabajaron-juntos-en-la-limpieza-de-ballenita\/\">Read more &rarr;<\/a><\/p>\n","protected":false},"author":13,"featured_media":18686,"comment_status":"open","ping_status":"open","sticky":false,"template":"","format":"standard","meta":{"footnotes":""},"categories":[16,4],"tags":[92,108,53,186],"class_list":["post-18683","post","type-post","status-publish","format-standard","has-post-thumbnail","hentry","category-comunicamos","category-noticias","tag-desechos-solidos","tag-lorena-tapia","tag-mae","tag-santa-elena","xfolkentry"],"_links":{"self":[{"href":"https:\/\/www.ambienteyenergia.gob.ec\/ambiente\/wp-json\/wp\/v2\/posts\/18683","targetHints":{"allow":["GET"]}}],"collection":[{"href":"https:\/\/www.ambienteyenergia.gob.ec\/ambiente\/wp-json\/wp\/v2\/posts"}],"about":[{"href":"https:\/\/www.ambienteyenergia.gob.ec\/ambiente\/wp-json\/wp\/v2\/types\/post"}],"author":[{"embeddable":true,"href":"https:\/\/www.ambienteyenergia.gob.ec\/ambiente\/wp-json\/wp\/v2\/users\/13"}],"replies":[{"embeddable":true,"href":"https:\/\/www.ambienteyenergia.gob.ec\/ambiente\/wp-json\/wp\/v2\/comments?post=18683"}],"version-history":[{"count":0,"href":"https:\/\/www.ambienteyenergia.gob.ec\/ambiente\/wp-json\/wp\/v2\/posts\/18683\/revisions"}],"wp:featuredmedia":[{"embeddable":true,"href":"https:\/\/www.ambienteyenergia.gob.ec\/ambiente\/wp-json\/wp\/v2\/media\/18686"}],"wp:attachment":[{"href":"https:\/\/www.ambienteyenergia.gob.ec\/ambiente\/wp-json\/wp\/v2\/media?parent=18683"}],"wp:term":[{"taxonomy":"category","embeddable":true,"href":"https:\/\/www.ambienteyenergia.gob.ec\/ambiente\/wp-json\/wp\/v2\/categories?post=18683"},{"taxonomy":"post_tag","embeddable":true,"href":"https:\/\/www.ambienteyenergia.gob.ec\/ambiente\/wp-json\/wp\/v2\/tags?post=18683"}],"curies":[{"name":"wp","href":"https:\/\/api.w.org\/{rel}","templated":true}]}}