{"id":18676,"date":"2014-03-11T13:08:19","date_gmt":"2014-03-11T18:08:19","guid":{"rendered":"http:\/\/www.ambiente.gob.ec\/?p=18676"},"modified":"2014-03-12T10:40:39","modified_gmt":"2014-03-12T15:40:39","slug":"mae-realizara-taller-de-intercambio-de-experiencias-de-rescate-de-saberes-ancestrales-en-la-gestion-del-agua-frente-a-los-efectos-del-cambio-climatico","status":"publish","type":"post","link":"https:\/\/www.ambienteyenergia.gob.ec\/ambiente\/mae-realizara-taller-de-intercambio-de-experiencias-de-rescate-de-saberes-ancestrales-en-la-gestion-del-agua-frente-a-los-efectos-del-cambio-climatico\/","title":{"rendered":"MAE realizar\u00e1 taller de  \u201cIntercambio de Experiencias de rescate de saberes ancestrales en la gesti\u00f3n del agua, frente a los efectos del cambio clim\u00e1tico\u201d"},"content":{"rendered":"<p style=\"text-align: justify;\">El Ministerio del Ambiente del Ecuador (MAE) a trav\u00e9s de la Subsecretar\u00eda de Cambio Clim\u00e1tico realizar\u00e1n el pr\u00f3ximo 31 de marzo y 1 de abril, el taller \u201cIntercambio de Experiencias de rescate de saberes ancestrales en la gesti\u00f3n del agua, frente a los efectos del cambio clim\u00e1tico\u201d en la parroquia Papallacta de la provincia de Napo.<\/p>\n<p style=\"text-align: justify;\">El taller se desarrollar\u00e1 gracias el trabajo del Proyecto de Adaptaci\u00f3n al Cambio Clim\u00e1tico a trav\u00e9s de una efectiva Gobernabilidad del Agua (PACC), y el Proyecto de Adaptaci\u00f3n al Impacto del Retroceso Acelerado de Glaciares en los Andes Tropicales (PRAA).<\/p>\n<p style=\"text-align: justify;\">La iniciativa contar\u00e1 con la participaci\u00f3n de los representantes de la Secretar\u00eda Nacional del Agua (SENAGUA), Secretar\u00eda Nacional de Ciencia y Tecnolog\u00eda (SENECYT), socios ejecutores de la iniciativa PACC y miembros de la Subsecretar\u00eda de Cambio Clim\u00e1tico, quienes aportar\u00e1n valiosa informaci\u00f3n con relaci\u00f3n a proyectos exitosos implementados en territorio ecuatoriano.<\/p>\n<p style=\"text-align: justify;\">El MAE brinda toda la apertura para impartir charlas, talleres y capacitaciones ejerciendo en forma eficaz y eficiente la legislaci\u00f3n vigente en el Ecuador, con el prop\u00f3sito de solucionar los problemas ambientales y promover la mejora continua en todos los procesos productivos, mitigando los efectos del cambio clim\u00e1tico.<\/p>\n<p style=\"text-align: justify;\">El dato<\/p>\n<p style=\"text-align: justify;\">Se tratar\u00e1n temas como la construcci\u00f3n e importancia de albarradas, sistemas de siembra de agua, sistemas de riego y agroecolog\u00eda.<\/p>\n<p style=\"text-align: justify;\">\n<p style=\"text-align: justify;\">\n","protected":false},"excerpt":{"rendered":"<p class=\"excerpt\">El Ministerio del Ambiente del Ecuador (MAE) a trav\u00e9s de la Subsecretar\u00eda de Cambio Clim\u00e1tico realizar\u00e1n el pr\u00f3ximo 31 de marzo y 1 de abril, el taller \u201cIntercambio de Experiencias de rescate de saberes ancestrales en la gesti\u00f3n del agua, frente a los efectos del cambio clim\u00e1tico\u201d en la parroquia Papallacta de la provincia de Napo. El taller se desarrollar\u00e1&hellip; <a href=\"https:\/\/www.ambienteyenergia.gob.ec\/ambiente\/mae-realizara-taller-de-intercambio-de-experiencias-de-rescate-de-saberes-ancestrales-en-la-gestion-del-agua-frente-a-los-efectos-del-cambio-climatico\/\">Read more &rarr;<\/a><\/p>\n","protected":false},"author":13,"featured_media":18677,"comment_status":"open","ping_status":"open","sticky":false,"template":"","format":"standard","meta":{"footnotes":""},"categories":[16,4],"tags":[285,133,387],"class_list":["post-18676","post","type-post","status-publish","format-standard","has-post-thumbnail","hentry","category-comunicamos","category-noticias","tag-agua","tag-cambio-climatico","tag-mae-lorena-tapia","xfolkentry"],"_links":{"self":[{"href":"https:\/\/www.ambienteyenergia.gob.ec\/ambiente\/wp-json\/wp\/v2\/posts\/18676","targetHints":{"allow":["GET"]}}],"collection":[{"href":"https:\/\/www.ambienteyenergia.gob.ec\/ambiente\/wp-json\/wp\/v2\/posts"}],"about":[{"href":"https:\/\/www.ambienteyenergia.gob.ec\/ambiente\/wp-json\/wp\/v2\/types\/post"}],"author":[{"embeddable":true,"href":"https:\/\/www.ambienteyenergia.gob.ec\/ambiente\/wp-json\/wp\/v2\/users\/13"}],"replies":[{"embeddable":true,"href":"https:\/\/www.ambienteyenergia.gob.ec\/ambiente\/wp-json\/wp\/v2\/comments?post=18676"}],"version-history":[{"count":0,"href":"https:\/\/www.ambienteyenergia.gob.ec\/ambiente\/wp-json\/wp\/v2\/posts\/18676\/revisions"}],"wp:featuredmedia":[{"embeddable":true,"href":"https:\/\/www.ambienteyenergia.gob.ec\/ambiente\/wp-json\/wp\/v2\/media\/18677"}],"wp:attachment":[{"href":"https:\/\/www.ambienteyenergia.gob.ec\/ambiente\/wp-json\/wp\/v2\/media?parent=18676"}],"wp:term":[{"taxonomy":"category","embeddable":true,"href":"https:\/\/www.ambienteyenergia.gob.ec\/ambiente\/wp-json\/wp\/v2\/categories?post=18676"},{"taxonomy":"post_tag","embeddable":true,"href":"https:\/\/www.ambienteyenergia.gob.ec\/ambiente\/wp-json\/wp\/v2\/tags?post=18676"}],"curies":[{"name":"wp","href":"https:\/\/api.w.org\/{rel}","templated":true}]}}