{"id":18668,"date":"2014-03-11T10:24:26","date_gmt":"2014-03-11T15:24:26","guid":{"rendered":"http:\/\/www.ambiente.gob.ec\/?p=18668"},"modified":"2014-03-11T10:24:26","modified_gmt":"2014-03-11T15:24:26","slug":"mae-realizo-foro-ambiental-sobre-lobo-marino-en-san-cristobal","status":"publish","type":"post","link":"https:\/\/www.ambienteyenergia.gob.ec\/ambiente\/mae-realizo-foro-ambiental-sobre-lobo-marino-en-san-cristobal\/","title":{"rendered":"MAE realiz\u00f3 foro ambiental sobre lobo marino en San Crist\u00f3bal"},"content":{"rendered":"<p style=\"text-align: justify;\"><em><strong>Cient\u00edficos y especialistas despejaron las inquietudes relacionados con la conservaci\u00f3n de esta especie end\u00e9mica.<\/strong> <\/em><\/p>\n<p style=\"text-align: justify;\">En la isla San Crist\u00f3bal, capital de la provincia de Gal\u00e1pagos, se desarroll\u00f3 el Foro Ambiental denominado \u201cLobo Marino: situaci\u00f3n actual y acciones de manejo para su conservaci\u00f3n\u201d, organizado por el Ministerio del Ambiente del Ecuador (MAE), a trav\u00e9s de la Direcci\u00f3n del Parque Nacional Gal\u00e1pagos (DPNG). El evento cont\u00f3 con la asistencia de 130 participantes, entre autoridades, representantes de organismos locales, gu\u00edas naturalistas, estudiantes, operadores de turismo y comunidad en general.<\/p>\n<p style=\"text-align: justify;\">El objetivo del foro fue entregar a los ciudadanos informaci\u00f3n sobre los estudios e investigaciones realizadas en torno al lobo marino, especie end\u00e9mica de Gal\u00e1pagos, cuya colonia m\u00e1s importante est\u00e1 asentada en Puerto Baquerizo Moreno, donde comparte su h\u00e1bitat con la comunidad local.<\/p>\n<p style=\"text-align: justify;\">Dentro de las tem\u00e1ticas expuestas y debatidas estuvo la revisi\u00f3n de los aspectos biol\u00f3gicos y ecol\u00f3gicos del lobo marino Zalophus wollebaeki; experiencias del trabajo con lobos marinos en otros sitios del mundo; investigaciones actuales y el lobo marino como fuente de bienestar para la comunidad.<\/p>\n<p style=\"text-align: justify;\">En este foro, adem\u00e1s, fue presentado el Plan de Manejo para la Conservaci\u00f3n de Lobos Marinos en la isla San Crist\u00f3bal, documento que recoge las acciones m\u00e1s importantes que se ejecutan para la conservaci\u00f3n de esta especie. Los participantes contribuyeron con informaci\u00f3n que ser\u00e1 considerada por la autoridad ambiental para la toma de decisiones de manejo.<\/p>\n<p style=\"text-align: justify;\"><strong>Censo<\/strong><\/p>\n<p style=\"text-align: justify;\">En el \u00faltimo censo realizado por la DPNG, en diciembre de 2013, se estim\u00f3 una poblaci\u00f3n de 1 396 lobos marinos ubicados en El malec\u00f3n, La Lober\u00eda, Puerto Chino, Isla Lobos, Cerro Brujo, Lober\u00eda Punta Pitt, Punta Pitt, Corales Punta Pitt, Puerto Las tablas y Bah\u00eda Rosa Blanca.<\/p>\n<p style=\"text-align: justify;\">Del total de lobos contabilizados, al menos 657 pertenecen a la colonia del Malec\u00f3n de Puerto Baquerizo Moreno, los cuales est\u00e1n interactuando permanentemente con los habitantes de la isla, por lo que mantener una relaci\u00f3n arm\u00f3nica resulta imprescindible para su conservaci\u00f3n.<\/p>\n<p style=\"text-align: justify;\">El censo se efectu\u00f3 durante la etapa reproductiva de los mam\u00edferos, por ser la temporada en la que la mayor parte de individuos pasan en tierra. Se contabilizaron principalmente machos adultos, machos subadultos, hembras adultas, juveniles, cr\u00edas e indeterminados.<\/p>\n<p style=\"text-align: justify;\">\u00a0<a href=\"http:\/\/www.ambienteyenergia.gob.ec\/ambiente\/wp-content\/uploads\/2014\/03\/2.jpg\"><img loading=\"lazy\" decoding=\"async\" class=\"aligncenter size-full wp-image-18670\" alt=\"MAE realiz\u00f3 foro ambiental sobre lobo marino en San Crist\u00f3bal\" src=\"http:\/\/www.ambienteyenergia.gob.ec\/ambiente\/wp-content\/uploads\/2014\/03\/2.jpg\" width=\"300\" height=\"225\" \/><\/a><\/p>\n<p style=\"text-align: justify;\">\n","protected":false},"excerpt":{"rendered":"<p class=\"excerpt\">Cient\u00edficos y especialistas despejaron las inquietudes relacionados con la conservaci\u00f3n de esta especie end\u00e9mica. En la isla San Crist\u00f3bal, capital de la provincia de Gal\u00e1pagos, se desarroll\u00f3 el Foro Ambiental denominado \u201cLobo Marino: situaci\u00f3n actual y acciones de manejo para su conservaci\u00f3n\u201d, organizado por el Ministerio del Ambiente del Ecuador (MAE), a trav\u00e9s de la Direcci\u00f3n del Parque Nacional Gal\u00e1pagos&hellip; <a href=\"https:\/\/www.ambienteyenergia.gob.ec\/ambiente\/mae-realizo-foro-ambiental-sobre-lobo-marino-en-san-cristobal\/\">Read more &rarr;<\/a><\/p>\n","protected":false},"author":13,"featured_media":18671,"comment_status":"open","ping_status":"open","sticky":false,"template":"","format":"standard","meta":{"footnotes":""},"categories":[16,4],"tags":[394,419,56,420,53,54],"class_list":["post-18668","post","type-post","status-publish","format-standard","has-post-thumbnail","hentry","category-comunicamos","category-noticias","tag-direccion-del-parque-nacional-galapagos","tag-dpng","tag-galapagos","tag-lobos-marinos","tag-mae","tag-ministerio-del-ambiente","xfolkentry"],"_links":{"self":[{"href":"https:\/\/www.ambienteyenergia.gob.ec\/ambiente\/wp-json\/wp\/v2\/posts\/18668","targetHints":{"allow":["GET"]}}],"collection":[{"href":"https:\/\/www.ambienteyenergia.gob.ec\/ambiente\/wp-json\/wp\/v2\/posts"}],"about":[{"href":"https:\/\/www.ambienteyenergia.gob.ec\/ambiente\/wp-json\/wp\/v2\/types\/post"}],"author":[{"embeddable":true,"href":"https:\/\/www.ambienteyenergia.gob.ec\/ambiente\/wp-json\/wp\/v2\/users\/13"}],"replies":[{"embeddable":true,"href":"https:\/\/www.ambienteyenergia.gob.ec\/ambiente\/wp-json\/wp\/v2\/comments?post=18668"}],"version-history":[{"count":0,"href":"https:\/\/www.ambienteyenergia.gob.ec\/ambiente\/wp-json\/wp\/v2\/posts\/18668\/revisions"}],"wp:featuredmedia":[{"embeddable":true,"href":"https:\/\/www.ambienteyenergia.gob.ec\/ambiente\/wp-json\/wp\/v2\/media\/18671"}],"wp:attachment":[{"href":"https:\/\/www.ambienteyenergia.gob.ec\/ambiente\/wp-json\/wp\/v2\/media?parent=18668"}],"wp:term":[{"taxonomy":"category","embeddable":true,"href":"https:\/\/www.ambienteyenergia.gob.ec\/ambiente\/wp-json\/wp\/v2\/categories?post=18668"},{"taxonomy":"post_tag","embeddable":true,"href":"https:\/\/www.ambienteyenergia.gob.ec\/ambiente\/wp-json\/wp\/v2\/tags?post=18668"}],"curies":[{"name":"wp","href":"https:\/\/api.w.org\/{rel}","templated":true}]}}