{"id":18663,"date":"2014-03-10T18:02:24","date_gmt":"2014-03-10T23:02:24","guid":{"rendered":"http:\/\/www.ambiente.gob.ec\/?p=18663"},"modified":"2014-03-10T18:02:24","modified_gmt":"2014-03-10T23:02:24","slug":"ministra-lorena-tapia-participara-en-la-xix-reunion-del-foro-de-ministros-de-medio-ambiente-para-america-latina-y-el-caribe","status":"publish","type":"post","link":"https:\/\/www.ambienteyenergia.gob.ec\/ambiente\/ministra-lorena-tapia-participara-en-la-xix-reunion-del-foro-de-ministros-de-medio-ambiente-para-america-latina-y-el-caribe\/","title":{"rendered":"Ministra Lorena Tapia participar\u00e1 en la XIX Reuni\u00f3n del foro de Ministros de Medio Ambiente para Am\u00e9rica Latina y el Caribe"},"content":{"rendered":"<p style=\"text-align: justify;\">La Ministra, Lorena Tapia, asistir\u00e1 este mi\u00e9rcoles 12 de marzo a la Reuni\u00f3n de Ministros del Medio Ambiente para Am\u00e9rica Latina y el Caribe a realizarse en la ciudad de M\u00e9xico, con el objetivo de revisar la agenda ambiental regional, a trav\u00e9s de un di\u00e1logo pol\u00edtico sobre temas prioritarios que permitan establecer una gu\u00eda de cooperaci\u00f3n asegurando un renovado acuerdo en torno al desarrollo sostenible.<\/p>\n<p style=\"text-align: justify;\">En el evento que se realiza esta semana Ecuador entregar\u00e1 la Presidencia del Foro y socializar\u00e1 sobre la Convenci\u00f3n de Especies Migratorias a realizarse en Ecuador este a\u00f1o. Tambi\u00e9n se visibilizar\u00e1 la gesti\u00f3n ambiental y se posicionar\u00e1n las propuestas e iniciativas nacionales que se plantean en el contexto del desarrollo sostenible. Asimismo, habr\u00e1 un an\u00e1lisis de nuevas fuentes de financiamiento con las Agencias de Naciones Unidas y la incorporaci\u00f3n de l\u00edneas prioritarias de cooperaci\u00f3n en la agenda regional e internacional.<\/p>\n<p style=\"text-align: justify;\">Previo a la realizaci\u00f3n del Segmento Ministerial se mantendr\u00e1 una Reuni\u00f3n de Expertos entre el 11 y 12 de marzo, con el objetivo de dar seguimiento a las decisiones adoptadas por el XVIII Foro de Ministros de Medio Ambiente, as\u00ed como de cualquier otro tema emergente que sea prioritario para la regi\u00f3n.<\/p>\n<p style=\"text-align: justify;\">En ese sentido, los expertos revisar\u00e1n los informes respecto a las recomendaciones y resultados de las reuniones del Grupo de Trabajo de indicadores ambientales de la Iniciativa Latinoamericana Caribe\u00f1a (ILAC), de la Red de Expertos Gubernamentales sobre Consumo y Producci\u00f3n Sostenibles, de la Red de Formaci\u00f3n Ambiental y de la Red Regional Intergubernamental de Contaminaci\u00f3n Atmosf\u00e9rica.<\/p>\n<p style=\"text-align: justify;\">Ecuador, a trav\u00e9s del Ministerio del Ambiente del Ecuador, posicionar\u00e1 sus iniciativas innovadoras en materia ambiental, liderando con \u00e9xito este proceso y estableciendo al pa\u00eds como naci\u00f3n modelo de resoluciones a favor de los ecosistemas y de sus especies.<\/p>\n","protected":false},"excerpt":{"rendered":"<p class=\"excerpt\">La Ministra, Lorena Tapia, asistir\u00e1 este mi\u00e9rcoles 12 de marzo a la Reuni\u00f3n de Ministros del Medio Ambiente para Am\u00e9rica Latina y el Caribe a realizarse en la ciudad de M\u00e9xico, con el objetivo de revisar la agenda ambiental regional, a trav\u00e9s de un di\u00e1logo pol\u00edtico sobre temas prioritarios que permitan establecer una gu\u00eda de cooperaci\u00f3n asegurando un renovado acuerdo&hellip; <a href=\"https:\/\/www.ambienteyenergia.gob.ec\/ambiente\/ministra-lorena-tapia-participara-en-la-xix-reunion-del-foro-de-ministros-de-medio-ambiente-para-america-latina-y-el-caribe\/\">Read more &rarr;<\/a><\/p>\n","protected":false},"author":13,"featured_media":18231,"comment_status":"open","ping_status":"open","sticky":false,"template":"","format":"standard","meta":{"footnotes":""},"categories":[16,4],"tags":[387,54],"class_list":["post-18663","post","type-post","status-publish","format-standard","has-post-thumbnail","hentry","category-comunicamos","category-noticias","tag-mae-lorena-tapia","tag-ministerio-del-ambiente","xfolkentry"],"_links":{"self":[{"href":"https:\/\/www.ambienteyenergia.gob.ec\/ambiente\/wp-json\/wp\/v2\/posts\/18663","targetHints":{"allow":["GET"]}}],"collection":[{"href":"https:\/\/www.ambienteyenergia.gob.ec\/ambiente\/wp-json\/wp\/v2\/posts"}],"about":[{"href":"https:\/\/www.ambienteyenergia.gob.ec\/ambiente\/wp-json\/wp\/v2\/types\/post"}],"author":[{"embeddable":true,"href":"https:\/\/www.ambienteyenergia.gob.ec\/ambiente\/wp-json\/wp\/v2\/users\/13"}],"replies":[{"embeddable":true,"href":"https:\/\/www.ambienteyenergia.gob.ec\/ambiente\/wp-json\/wp\/v2\/comments?post=18663"}],"version-history":[{"count":0,"href":"https:\/\/www.ambienteyenergia.gob.ec\/ambiente\/wp-json\/wp\/v2\/posts\/18663\/revisions"}],"wp:featuredmedia":[{"embeddable":true,"href":"https:\/\/www.ambienteyenergia.gob.ec\/ambiente\/wp-json\/wp\/v2\/media\/18231"}],"wp:attachment":[{"href":"https:\/\/www.ambienteyenergia.gob.ec\/ambiente\/wp-json\/wp\/v2\/media?parent=18663"}],"wp:term":[{"taxonomy":"category","embeddable":true,"href":"https:\/\/www.ambienteyenergia.gob.ec\/ambiente\/wp-json\/wp\/v2\/categories?post=18663"},{"taxonomy":"post_tag","embeddable":true,"href":"https:\/\/www.ambienteyenergia.gob.ec\/ambiente\/wp-json\/wp\/v2\/tags?post=18663"}],"curies":[{"name":"wp","href":"https:\/\/api.w.org\/{rel}","templated":true}]}}