{"id":18659,"date":"2014-03-10T17:31:33","date_gmt":"2014-03-10T22:31:33","guid":{"rendered":"http:\/\/www.ambiente.gob.ec\/?p=18659"},"modified":"2014-03-10T17:31:33","modified_gmt":"2014-03-10T22:31:33","slug":"reserva-chimborazo-registro-4-277-turistas-en-feriado-de-carnaval","status":"publish","type":"post","link":"https:\/\/www.ambienteyenergia.gob.ec\/ambiente\/reserva-chimborazo-registro-4-277-turistas-en-feriado-de-carnaval\/","title":{"rendered":"Reserva Chimborazo registr\u00f3 4 277 turistas en feriado de Carnaval"},"content":{"rendered":"<p style=\"text-align: justify;\">En el feriado de Carnaval, la Reserva de Producci\u00f3n de Fauna Chimborazo fue una de las \u00e1reas con mayor n\u00famero de visitantes en la provincia, resultados positivos del trabajo coordinado entre el Ministerio del Ambiente del Ecuador (MAE) y los grupos de artesanas de las comunidades de Pulingu\u00ed San Pablo, Chorrera Mirador, Pulingu\u00ed Centro; que brindaron servicios de calidad a los turistas.<\/p>\n<p style=\"text-align: justify;\">Durante estas fechas se registr\u00f3 un total de 4 277 turistas, de los cuales el 98% corresponden a turistas nacionales y el 2% a extranjeros, seg\u00fan datos verificados y validados en el Sistema de Informaci\u00f3n de Biodiversidad (SIB), herramienta de registro impulsada por esta Cartera de Estado.<\/p>\n<p style=\"text-align: justify;\">La participaci\u00f3n activa del grupo de artesanas se evidenci\u00f3 mediante la oferta de productos artesanales (bufandas, gorros y guantes) elaborados con fibra de alpaca, llama y borrego. Seg\u00fan los registros, se comercializaron 2 453 productos, que ser\u00e1n redistribuidos en las familias de las comunidades ubicadas en las zonas de amortiguamiento de la Reserva.<\/p>\n<p style=\"text-align: justify;\">Asimismo, el MAE entreg\u00f3 a los turistas material informativo con las respectivas recomendaciones para la visita. Adem\u00e1s, control\u00f3 y organiz\u00f3 el ingreso vehicular; limpi\u00f3 los espacios comunes y recreacionales; as\u00ed como brind\u00f3 orientaci\u00f3n y asistencia a los turistas. Para lo cual, la Cruz Roja Ecuatoriana y Guardaparques de la Reserva de Producci\u00f3n de Fauna Chimborazo, coordinaron acciones para atender a turistas con problemas de respiraci\u00f3n y mareo, precautelando siempre su bienestar.<\/p>\n<p style=\"text-align: justify;\">La Reserva Chimborazo es un importante sitio tur\u00edstico, por lo que esta Cartera de Estado tiene el compromiso de promover el turismo sostenible para contribuir al desarrollo socioecon\u00f3mico de las comunidades ligadas al \u00e1rea protegida, y a la vez, promover la conservaci\u00f3n de la biodiversidad que la rodea.<\/p>\n","protected":false},"excerpt":{"rendered":"<p class=\"excerpt\">En el feriado de Carnaval, la Reserva de Producci\u00f3n de Fauna Chimborazo fue una de las \u00e1reas con mayor n\u00famero de visitantes en la provincia, resultados positivos del trabajo coordinado entre el Ministerio del Ambiente del Ecuador (MAE) y los grupos de artesanas de las comunidades de Pulingu\u00ed San Pablo, Chorrera Mirador, Pulingu\u00ed Centro; que brindaron servicios de calidad a&hellip; <a href=\"https:\/\/www.ambienteyenergia.gob.ec\/ambiente\/reserva-chimborazo-registro-4-277-turistas-en-feriado-de-carnaval\/\">Read more &rarr;<\/a><\/p>\n","protected":false},"author":13,"featured_media":18660,"comment_status":"open","ping_status":"open","sticky":false,"template":"","format":"standard","meta":{"footnotes":""},"categories":[16,4],"tags":[147,403,387,313],"class_list":["post-18659","post","type-post","status-publish","format-standard","has-post-thumbnail","hentry","category-comunicamos","category-noticias","tag-areas-protegidas-2","tag-biodiversidad","tag-mae-lorena-tapia","tag-reserva-de-produccion-de-fauna-chimborazo","xfolkentry"],"_links":{"self":[{"href":"https:\/\/www.ambienteyenergia.gob.ec\/ambiente\/wp-json\/wp\/v2\/posts\/18659","targetHints":{"allow":["GET"]}}],"collection":[{"href":"https:\/\/www.ambienteyenergia.gob.ec\/ambiente\/wp-json\/wp\/v2\/posts"}],"about":[{"href":"https:\/\/www.ambienteyenergia.gob.ec\/ambiente\/wp-json\/wp\/v2\/types\/post"}],"author":[{"embeddable":true,"href":"https:\/\/www.ambienteyenergia.gob.ec\/ambiente\/wp-json\/wp\/v2\/users\/13"}],"replies":[{"embeddable":true,"href":"https:\/\/www.ambienteyenergia.gob.ec\/ambiente\/wp-json\/wp\/v2\/comments?post=18659"}],"version-history":[{"count":0,"href":"https:\/\/www.ambienteyenergia.gob.ec\/ambiente\/wp-json\/wp\/v2\/posts\/18659\/revisions"}],"wp:featuredmedia":[{"embeddable":true,"href":"https:\/\/www.ambienteyenergia.gob.ec\/ambiente\/wp-json\/wp\/v2\/media\/18660"}],"wp:attachment":[{"href":"https:\/\/www.ambienteyenergia.gob.ec\/ambiente\/wp-json\/wp\/v2\/media?parent=18659"}],"wp:term":[{"taxonomy":"category","embeddable":true,"href":"https:\/\/www.ambienteyenergia.gob.ec\/ambiente\/wp-json\/wp\/v2\/categories?post=18659"},{"taxonomy":"post_tag","embeddable":true,"href":"https:\/\/www.ambienteyenergia.gob.ec\/ambiente\/wp-json\/wp\/v2\/tags?post=18659"}],"curies":[{"name":"wp","href":"https:\/\/api.w.org\/{rel}","templated":true}]}}