{"id":18654,"date":"2014-03-10T16:41:41","date_gmt":"2014-03-10T21:41:41","guid":{"rendered":"http:\/\/www.ambiente.gob.ec\/?p=18654"},"modified":"2014-04-02T09:02:32","modified_gmt":"2014-04-02T14:02:32","slug":"mae-en-coordinacion-con-la-ciudadania-rescata-a-oso-homiguero-en-el-oro","status":"publish","type":"post","link":"https:\/\/www.ambienteyenergia.gob.ec\/ambiente\/mae-en-coordinacion-con-la-ciudadania-rescata-a-oso-homiguero-en-el-oro\/","title":{"rendered":"MAE en coordinaci\u00f3n con la ciudadan\u00eda rescata a oso hormiguero en El Oro"},"content":{"rendered":"<p style=\"text-align: justify;\"><span style=\"font-family: Arial Narrow,sans-serif;\">El Ministerio del Ambiente del Ecuador (MAE), en coordinaci\u00f3n con la Unidad de Protecci\u00f3n del Medio Ambiente de la Polic\u00eda Nacional (UPMA) y con ayuda de la ciudadan\u00eda, rescat\u00f3 a un oso hormiguero o mielero <\/span><span style=\"font-family: Arial Narrow,sans-serif;\"><i>(Tamandua tetradactyla)<\/i><\/span><span style=\"font-family: Arial Narrow,sans-serif;\"><i><b>, <\/b><\/i><\/span><span style=\"font-family: Arial Narrow,sans-serif;\">que se encontraba en <\/span><span style=\"font-family: Arial Narrow,sans-serif;\">el Barrio Los Ceibos, ubicado en la parroquia Puerto Bol\u00edvar, provincia de El Oro.<\/span><\/p>\n<p style=\"text-align: justify;\"><span style=\"font-family: Arial Narrow,sans-serif;\">Gracias al trabajo conjunto de esta Cartera de Estado y la ciudadan\u00eda que inform\u00f3 inmediatamente de la presencia del animal en la zona, se pudo rescatar al ejemplar y examinarlo para determinar su estado de salud. <\/span><span style=\"font-family: Arial Narrow,sans-serif;\">Luego de varias revisiones m\u00e9dicas, se comprob\u00f3 que su condici\u00f3n era favorable, por lo que se procedi\u00f3 a liberarlo en la Reserva Ecol\u00f3gica Arenillas, lugar que tiene caracter\u00edsticas propias de su h\u00e1bitat natural.<\/span><\/p>\n<p style=\"text-align: justify;\"><span style=\"font-family: Arial Narrow,sans-serif;\">La Direcci\u00f3n Provincial de El Oro despliega m\u00faltiples eventos de educaci\u00f3n ambiental, trabajo comunitario y actividades de vinculaci\u00f3n social con la finalidad de educar a la poblaci\u00f3n en la responsabilidad del cuidado de nuestro planeta y las especies que en el habitan.<\/span><\/p>\n<p style=\"text-align: justify;\"><span style=\"font-family: Arial Narrow,sans-serif;\">El MAE, como principal autoridad ambiental del pa\u00eds, solicita a la poblaci\u00f3n que tenga animales de vida silvestre en cautiverio los entregue de manera voluntaria o si conoce de alg\u00fan caso de tenencia ilegal de especies realice su denuncia en la Direcci\u00f3n Provincial del Ambiente de El Oro ubicado en las calles, Vela entre 25 de Junio y Sucre (Ex-Edificio de Predesur) 5to piso o al tel\u00e9fono 2934596, extensi\u00f3n 15.<\/span><\/p>\n","protected":false},"excerpt":{"rendered":"<p class=\"excerpt\">El Ministerio del Ambiente del Ecuador (MAE), en coordinaci\u00f3n con la Unidad de Protecci\u00f3n del Medio Ambiente de la Polic\u00eda Nacional (UPMA) y con ayuda de la ciudadan\u00eda, rescat\u00f3 a un oso hormiguero o mielero (Tamandua tetradactyla), que se encontraba en el Barrio Los Ceibos, ubicado en la parroquia Puerto Bol\u00edvar, provincia de El Oro. Gracias al trabajo conjunto de&hellip; <a href=\"https:\/\/www.ambienteyenergia.gob.ec\/ambiente\/mae-en-coordinacion-con-la-ciudadania-rescata-a-oso-homiguero-en-el-oro\/\">Read more &rarr;<\/a><\/p>\n","protected":false},"author":13,"featured_media":18655,"comment_status":"open","ping_status":"open","sticky":false,"template":"","format":"standard","meta":{"footnotes":""},"categories":[16,4],"tags":[403,145,108,53],"class_list":["post-18654","post","type-post","status-publish","format-standard","has-post-thumbnail","hentry","category-comunicamos","category-noticias","tag-biodiversidad","tag-el-oro","tag-lorena-tapia","tag-mae","xfolkentry"],"_links":{"self":[{"href":"https:\/\/www.ambienteyenergia.gob.ec\/ambiente\/wp-json\/wp\/v2\/posts\/18654","targetHints":{"allow":["GET"]}}],"collection":[{"href":"https:\/\/www.ambienteyenergia.gob.ec\/ambiente\/wp-json\/wp\/v2\/posts"}],"about":[{"href":"https:\/\/www.ambienteyenergia.gob.ec\/ambiente\/wp-json\/wp\/v2\/types\/post"}],"author":[{"embeddable":true,"href":"https:\/\/www.ambienteyenergia.gob.ec\/ambiente\/wp-json\/wp\/v2\/users\/13"}],"replies":[{"embeddable":true,"href":"https:\/\/www.ambienteyenergia.gob.ec\/ambiente\/wp-json\/wp\/v2\/comments?post=18654"}],"version-history":[{"count":0,"href":"https:\/\/www.ambienteyenergia.gob.ec\/ambiente\/wp-json\/wp\/v2\/posts\/18654\/revisions"}],"wp:featuredmedia":[{"embeddable":true,"href":"https:\/\/www.ambienteyenergia.gob.ec\/ambiente\/wp-json\/wp\/v2\/media\/18655"}],"wp:attachment":[{"href":"https:\/\/www.ambienteyenergia.gob.ec\/ambiente\/wp-json\/wp\/v2\/media?parent=18654"}],"wp:term":[{"taxonomy":"category","embeddable":true,"href":"https:\/\/www.ambienteyenergia.gob.ec\/ambiente\/wp-json\/wp\/v2\/categories?post=18654"},{"taxonomy":"post_tag","embeddable":true,"href":"https:\/\/www.ambienteyenergia.gob.ec\/ambiente\/wp-json\/wp\/v2\/tags?post=18654"}],"curies":[{"name":"wp","href":"https:\/\/api.w.org\/{rel}","templated":true}]}}