{"id":18649,"date":"2014-03-10T16:37:27","date_gmt":"2014-03-10T21:37:27","guid":{"rendered":"http:\/\/www.ambiente.gob.ec\/?p=18649"},"modified":"2014-03-11T09:30:00","modified_gmt":"2014-03-11T14:30:00","slug":"jornada-de-limpieza-de-playas-dejo-excelentes-resultados-despues-de-feriado-de-carnaval","status":"publish","type":"post","link":"https:\/\/www.ambienteyenergia.gob.ec\/ambiente\/jornada-de-limpieza-de-playas-dejo-excelentes-resultados-despues-de-feriado-de-carnaval\/","title":{"rendered":"Jornada de limpieza de playas dej\u00f3 excelentes resultados despu\u00e9s de feriado de carnaval"},"content":{"rendered":"<p style=\"text-align: justify;\">Durante el feriado de Carnaval, el Ministerio del Ambiente del Ecuador (MAE), como parte de la campa\u00f1a Ecuador Limpio despleg\u00f3 un gran contingente de voluntarios a lo largo del perfil costero, con la finalidad de aportar en el cuidado de las playas y crear conciencia en la poblaci\u00f3n sobre el manejo de los residuos.<\/p>\n<p style=\"text-align: justify;\">Funcionarios del MAE coordinaron las jornadas de limpieza con los representantes de los GADs Municipales y parroquiales de las diferentes provincias de la Costa ecuatoriana para realizar una limpieza integral. Adem\u00e1s, se entregaron sacos de la recolecci\u00f3n para los residuos y otras herramientas para facilitar el trabajo. Asimismo, se repartieron bolsos y gorras a los turistas con el objetivo de motivarlos a mantener limpias las playas.<\/p>\n<p style=\"text-align: justify;\"><strong>Esmeraldas<\/strong><\/p>\n<p style=\"text-align: justify;\">En el balneario Las Palmas se recolectaron un total de 1081Kg, en tres d\u00edas, siendo este el mayor acopio de desechos durante el feriado de carnaval.<\/p>\n<p style=\"text-align: justify;\">Con el control de guardaparques, Polic\u00eda Nacional, Armada del Ecuador, Ministerio de Salud, GADs cantonales, log\u00edstica de embarcaciones motorizadas y veh\u00edculos, se garantiz\u00f3 que los visitantes tengan una grata experiencia.<\/p>\n<p style=\"text-align: justify;\">En el a\u00f1o 2013 se recolectaron 3 352 libras, mientras que en el a\u00f1o 2014 se recogieron un total de 2 757. Luego de verificar las cifras es evidente una considerable reducci\u00f3n de los desechos generados en las playas ecuatorianas.<\/p>\n<p style=\"text-align: justify;\">Narcisa C\u00e1rdenas, Directora Provincial del Ambiente de Esmeraldas, calific\u00f3 como un \u00e9xito la campa\u00f1a, destacando que ha tenido una acogida masiva de cientos de turistas y comunidades que se han sumado a la iniciativa.<\/p>\n<p style=\"text-align: justify;\"><strong>Santa Elena<\/strong><\/p>\n<p style=\"text-align: justify;\">Asimismo, <span lang=\"es-ES\">la Direcci\u00f3n Provincial del Ambiente de Santa Elena monitoreo 32 playas de la provincia, desplegando por todo el perfil costero a los t\u00e9cnicos de la Direcci\u00f3n Provincial, siendo las playas de Punta Carnero, San Lorenzo, Las Palmeras, Chipipe, La Libertad, Ballenita, San Pablo, Ayangue, Palmar, Monta\u00f1ita y Ol\u00f3n, las que registraron mayor afluencia tur\u00edstica.<\/span><\/p>\n<p style=\"text-align: justify;\"><span lang=\"es-ES\">La Reserva de Producci\u00f3n Faun\u00edstica Puntilla de Santa Elena fue unos de los sitios m\u00e1s visitados el feriado pasado, por las facilidades tur\u00edsticas que brinda, especialmente en el sector conocido como \u201cLa Chocolatera\u201d, en donde se registr\u00f3 un total de 10 747 visitantes dentro del \u00c1rea. En esta actividad voluntarios del proyecto de Servicio Civil Ciudadano informaron a los visitantes sobre la importancia del \u00c1rea Protegida y su conservaci\u00f3n.<\/span><\/p>\n<p style=\"text-align: justify;\"><span lang=\"es-ES\">En La Chocolatera se recolectaron cerca de 458 Kg de desechos s\u00f3lidos, gracias a los visitantes y a funcionarios del MAE. En total, en todo el Feriado de Carnaval en la provincia de Santa Elena, se generaron 242 987 Kg de desechos s\u00f3lidos. Cabe destacar, que los desechos con mayor \u00edndice de kilogramos registrados fueron vidrio con 30.524 kg, seguido por el org\u00e1nico con 25.598 kg y el pl\u00e1stico con 18.775 kg. \u00c9stos residuos fueron retirados por los GAD\u00b4s Municipales de los cantones de Santa Elena, La Libertad y Salinas.<\/span><\/p>\n<p style=\"text-align: justify;\"><strong>Manab\u00ed<\/strong><\/p>\n<p style=\"text-align: justify;\">De la misma forma, \u00c1ngelo Traverso, Director Provincial de Manab\u00ed, explic\u00f3 que previamente se realizaron reuniones con los representantes de los Alcaldes de los cantones Puerto L\u00f3pez, Jipijapa, Montecristi, Manta, Jaramijo, Portoviejo, Sucre, Jama y Pedernales; quienes se comprometieron a trabajar en la limpieza de playas durante tres jornadas diarias, con excelentes resultados. En la playa de Crucita, por ejemplo, se difundieron mensajes alusivos para que turistas no arrojen basura a las playas.<\/p>\n<p style=\"text-align: justify;\"><strong><span style=\"font-family: Times New Roman,serif;\"><span style=\"font-size: medium;\"><span style=\"font-family: Calibri,serif;\"><span style=\"font-size: small;\">Guayas<\/span><\/span><\/span><\/span><\/strong><\/p>\n<p style=\"text-align: justify;\"><span style=\"font-family: Times New Roman,serif;\"><span style=\"font-size: medium;\"><span style=\"font-family: Calibri,serif;\"><span style=\"font-size: small;\">Por su parte, alrededor de treinta t\u00e9cnicos de la Direcci\u00f3n Provincial del Ambiente en Guayas participaron en la jornada de limpieza en Playas de Villamil y Puerto Engabao, durante el feriado de Carnaval, donde llegaron aproximadamente 400 000 personas y se recolectaron 78 sacos de pl\u00e1stico con un peso de 124 kg; 53 sacos de vidrio con un total de 482 kg; 20 sacos de papel y cart\u00f3n (120 kg); cinco sacos de metal y aluminio (30kg) y 98 sacos de desechos org\u00e1nicos (157 kg).<\/span><\/span><\/span><\/span><\/p>\n<p style=\"text-align: justify;\"><span style=\"font-family: Times New Roman,serif;\"><span style=\"font-size: medium;\"><span style=\"font-family: Calibri,serif;\"><span style=\"font-size: small;\">El MAE aprovech\u00f3 la jornada de limpieza para difundir, a la poblaci\u00f3n y a los turistas, mensajes de concienciaci\u00f3n en cuanto a la separaci\u00f3n de desechos antes de su disposici\u00f3n final, esto con la finalidad de disminuir los niveles de desechos que se convierten en contaminaci\u00f3n y promover entre la poblaci\u00f3n <\/span><\/span><span style=\"font-family: Calibri,serif;\"><span style=\"font-size: small;\">la campa\u00f1a Ecuador Limpio<\/span><\/span><span style=\"font-family: Calibri,serif;\"><span style=\"font-size: small;\">.<\/span><\/span><\/span><\/span><\/p>\n<p style=\"text-align: justify;\"><em><span style=\"font-family: Times New Roman,serif;\"><span style=\"font-size: medium;\"><span style=\"font-family: Calibri,serif;\"><span style=\"font-size: small;\"><b>Las playas son un recurso natural que se debe conservar. Manteng\u00e1moslas limpias, por un Ecuador Verde<a href=\"http:\/\/www.ambienteyenergia.gob.ec\/ambiente\/wp-content\/uploads\/2014\/03\/Limpieza-playas-1.jpg\"><img loading=\"lazy\" decoding=\"async\" class=\"aligncenter size-full wp-image-18651\" alt=\"Limpieza playas 1\" src=\"http:\/\/www.ambienteyenergia.gob.ec\/ambiente\/wp-content\/uploads\/2014\/03\/Limpieza-playas-1.jpg\" width=\"323\" height=\"210\" srcset=\"https:\/\/www.ambienteyenergia.gob.ec\/ambiente\/wp-content\/uploads\/sites\/2\/2014\/03\/Limpieza-playas-1.jpg 323w, https:\/\/www.ambienteyenergia.gob.ec\/ambiente\/wp-content\/uploads\/sites\/2\/2014\/03\/Limpieza-playas-1-300x195.jpg 300w\" sizes=\"auto, (max-width: 323px) 100vw, 323px\" \/><\/a> <a href=\"http:\/\/www.ambienteyenergia.gob.ec\/ambiente\/wp-content\/uploads\/2014\/03\/Limpieza-playas-3.jpg\"><img loading=\"lazy\" decoding=\"async\" class=\"aligncenter size-large wp-image-18652\" alt=\"Limpieza playas 3\" src=\"http:\/\/www.ambienteyenergia.gob.ec\/ambiente\/wp-content\/uploads\/2014\/03\/Limpieza-playas-3.jpg\" width=\"300\" height=\"225\" \/><\/a><\/b><\/span><\/span><\/span><\/span><\/em><\/p>\n","protected":false},"excerpt":{"rendered":"<p class=\"excerpt\">Durante el feriado de Carnaval, el Ministerio del Ambiente del Ecuador (MAE), como parte de la campa\u00f1a Ecuador Limpio despleg\u00f3 un gran contingente de voluntarios a lo largo del perfil costero, con la finalidad de aportar en el cuidado de las playas y crear conciencia en la poblaci\u00f3n sobre el manejo de los residuos. Funcionarios del MAE coordinaron las jornadas&hellip; <a href=\"https:\/\/www.ambienteyenergia.gob.ec\/ambiente\/jornada-de-limpieza-de-playas-dejo-excelentes-resultados-despues-de-feriado-de-carnaval\/\">Read more &rarr;<\/a><\/p>\n","protected":false},"author":13,"featured_media":18650,"comment_status":"open","ping_status":"open","sticky":false,"template":"","format":"standard","meta":{"footnotes":""},"categories":[16,4],"tags":[48,108,53,418],"class_list":["post-18649","post","type-post","status-publish","format-standard","has-post-thumbnail","hentry","category-comunicamos","category-noticias","tag-ecuador","tag-lorena-tapia","tag-mae","tag-playas-limpias","xfolkentry"],"_links":{"self":[{"href":"https:\/\/www.ambienteyenergia.gob.ec\/ambiente\/wp-json\/wp\/v2\/posts\/18649","targetHints":{"allow":["GET"]}}],"collection":[{"href":"https:\/\/www.ambienteyenergia.gob.ec\/ambiente\/wp-json\/wp\/v2\/posts"}],"about":[{"href":"https:\/\/www.ambienteyenergia.gob.ec\/ambiente\/wp-json\/wp\/v2\/types\/post"}],"author":[{"embeddable":true,"href":"https:\/\/www.ambienteyenergia.gob.ec\/ambiente\/wp-json\/wp\/v2\/users\/13"}],"replies":[{"embeddable":true,"href":"https:\/\/www.ambienteyenergia.gob.ec\/ambiente\/wp-json\/wp\/v2\/comments?post=18649"}],"version-history":[{"count":0,"href":"https:\/\/www.ambienteyenergia.gob.ec\/ambiente\/wp-json\/wp\/v2\/posts\/18649\/revisions"}],"wp:featuredmedia":[{"embeddable":true,"href":"https:\/\/www.ambienteyenergia.gob.ec\/ambiente\/wp-json\/wp\/v2\/media\/18650"}],"wp:attachment":[{"href":"https:\/\/www.ambienteyenergia.gob.ec\/ambiente\/wp-json\/wp\/v2\/media?parent=18649"}],"wp:term":[{"taxonomy":"category","embeddable":true,"href":"https:\/\/www.ambienteyenergia.gob.ec\/ambiente\/wp-json\/wp\/v2\/categories?post=18649"},{"taxonomy":"post_tag","embeddable":true,"href":"https:\/\/www.ambienteyenergia.gob.ec\/ambiente\/wp-json\/wp\/v2\/tags?post=18649"}],"curies":[{"name":"wp","href":"https:\/\/api.w.org\/{rel}","templated":true}]}}