{"id":18641,"date":"2014-03-10T13:06:30","date_gmt":"2014-03-10T18:06:30","guid":{"rendered":"http:\/\/www.ambiente.gob.ec\/?p=18641"},"modified":"2014-03-11T11:22:56","modified_gmt":"2014-03-11T16:22:56","slug":"mae-lidera-campana-para-uso-de-materiales-alternativos-en-celebracion-de-domingo-de-ramos","status":"publish","type":"post","link":"https:\/\/www.ambienteyenergia.gob.ec\/ambiente\/mae-lidera-campana-para-uso-de-materiales-alternativos-en-celebracion-de-domingo-de-ramos\/","title":{"rendered":"MAE lidera campa\u00f1a para uso de materiales alternativos en celebraci\u00f3n de Domingo de Ramos"},"content":{"rendered":"<p style=\"text-align: justify;\">Cada a\u00f1o, en el marco de la celebraci\u00f3n religiosa de Domingo de Ramos se destruyen cientos de especies de palma de cera, \u00e1rboles de m\u00e1s de 100 a\u00f1os que llegar\u00edan f\u00e1cilmente a los 25 metros de altura, pero que lamentablemente son deforestados, afectando a los ecosistemas cercanos. Por esta raz\u00f3n, la Ministra del Ambiente, Lorena Tapia, present\u00f3 hoy, la campa\u00f1a \u201cTradici\u00f3n y conservaci\u00f3n van de la mano\u00bb, que tiene como principal objetivo sensibilizar a la comunidad cat\u00f3lica y a la sociedad, en general, sobre la importancia de conservar la palma, evitando su comercializaci\u00f3n durante estas fechas.<\/p>\n<p style=\"text-align: justify;\">La Palma de Ramos es una planta de lento crecimiento. Su principal amenaza es la deforestaci\u00f3n masiva de los bosques andinos, en especial en estas fechas religiosas. El descenso de sus poblaciones es causado por el m\u00e9todo inadecuado que se utiliza para su colecci\u00f3n. La desaparici\u00f3n de la Palma de Cera implicar\u00eda la extinci\u00f3n del Loro Orejiamarillo y del Perico Cachetidorado, dos de las especies de loros m\u00e1s extra\u00f1as y amenazadas de Ecuador. La relaci\u00f3n aves \u2013 Palma es fundamental, pues esta planta es su principal sitio de anidaci\u00f3n y fuente de alimento.<\/p>\n<p style=\"text-align: justify;\">La Ministra, en su intervenci\u00f3n, asegur\u00f3 que en los \u00faltimos cinco a\u00f1os, a trav\u00e9s de esta campa\u00f1a impulsada por el MAE junto con la Polic\u00eda Nacional, se ha disminuido notablemente la demanda de artesan\u00edas realizadas con palma de cera, esto gracias a los continuos operativos de control. En el 2011, se recuperaron 1 400 ramos de palma de cera; en el 2012, fueron 820 y en el 2013, 500 ramos, a nivel nacional. Esto significa que la educaci\u00f3n ambiental y los controles han permitido que la ciudan\u00eda se sensibilice respecto al uso de la palma en Domingo de Ramos. Este a\u00f1o se realizar\u00e1n talleres a los artesanos para ense\u00f1ar c\u00f3mo hacer ramos alternativos para estas fechas. Los productos de este taller ser\u00e1n expuestos en la Casa 007 en La Ronda, el pr\u00f3ximo 17 de marzo.<\/p>\n<p style=\"text-align: justify;\">Por su parte, Geovanna P\u00e9rez, de la Unidad de Protecci\u00f3n del Medio Ambiente (UPMA), explic\u00f3 sobre los operativos que se ejecutan en conjunto con el MAE. \u00abAl momento la Polic\u00eda Nacional est\u00e1 realizando campa\u00f1as de prevenci\u00f3n de la palma de cera en los diferentes colegios y escuelas del Distrito Metropolitana de Quito, as\u00ed como en las principales iglesias\u00bb.<\/p>\n<p style=\"text-align: justify;\">En ese sentido, esta Cartera de Estado propone a la ciudadan\u00eda equilibrar las costumbres religiosas con el cuidado ambiental, y fomenta la elaboraci\u00f3n de ramos alternativos con diferentes plantas como romero, array\u00e1n, manzanilla, hojas y flores de ma\u00edz, totora, espigas de trigo y cebada, sigse, paja, cipr\u00e9s y laurel, entre otras. El uso de estas especies es recomendable porque su crecimiento y dispersi\u00f3n es m\u00e1s r\u00e1pido comparado con la Palma de Ramos.<\/p>\n<p style=\"text-align: justify;\">La M\u00e1xima Autoridad Ambiental record\u00f3 la poblaci\u00f3n que \u00abTradici\u00f3n y conservaci\u00f3n van de la mano, porque vamos en b\u00fasqueda de un Buen Vivir que respete las tradiciones, pero que tambi\u00e9n vuelva a aquellos que somos cat\u00f3licos conscientes de la responsabilidad que significa mantener nuestras especies y respetar nuestro entorno para que a Ecuador sigan consider\u00e1ndolo como un pa\u00eds megadiverso\u00bb.<\/p>\n<p style=\"text-align: justify;\"><strong>\u00a0Operativos de control y normativa ambiental<\/strong><\/p>\n<p style=\"text-align: justify;\">Como parte de esta iniciativa, el MAE en coordinaci\u00f3n con la Unidad de Protecci\u00f3n de Medio Ambiente de la Polic\u00eda Nacional, realizar\u00e1 operativos constantes para evitar la venta ilegal de artesan\u00edas que utilizan palma de ramos. Adem\u00e1s, se pidi\u00f3 la colaboraci\u00f3n de la Iglesia, para que invite a la poblaci\u00f3n a utilizar materiales alternativos en la celebraci\u00f3n religiosa de Semana Santa.<\/p>\n<p style=\"text-align: justify;\">Si bien, el MAE orienta a la legalizaci\u00f3n del uso sostenible de la palma de ramos a trav\u00e9s de la emisi\u00f3n de licencias de aprovechamiento, de pr\u00e1cticas de extracci\u00f3n adecuadas, capacitaci\u00f3n, alternativas productivas como el biocomercio y el control, tambi\u00e9n es importante resaltar que en la Ley Forestal y de Vida Silvestre establece sanciones para las personas que est\u00e9n comercializando o transportando este tipo de especies sin los permisos respectivos.<\/p>\n<p style=\"text-align: justify;\"><strong>Datos importantes<\/strong><\/p>\n<ul>\n<li>Las palmas utilizadas en la tradici\u00f3n religiosa del Domingo de Ramos pertenecen principalmente al g\u00e9nero Ceroxylon, conocidas com\u00fanmente como \u201cPalma de Cera o Palma de Ramos\u201d.<\/li>\n<li>Las Palmas de Cera proveen alimento y refugio a varias especies silvestres de los bosques de Ecuador.<\/li>\n<li>Para que la palma alcance su madurez total son necesarios aproximadamente de 30 a 100 a\u00f1os.<\/li>\n<\/ul>\n<p>Mira el spot de la campa\u00f1a &#8216;Tradici\u00f3n y Conservaci\u00f3n van de la mano&#8217; haciendo click <a href=\" https:\/\/www.youtube.com\/watch?v=buDCbDAKfUc&amp;feature=youtu.be\">aqui<\/a><\/p>\n<p style=\"text-align: justify;\">\n","protected":false},"excerpt":{"rendered":"<p class=\"excerpt\">Cada a\u00f1o, en el marco de la celebraci\u00f3n religiosa de Domingo de Ramos se destruyen cientos de especies de palma de cera, \u00e1rboles de m\u00e1s de 100 a\u00f1os que llegar\u00edan f\u00e1cilmente a los 25 metros de altura, pero que lamentablemente son deforestados, afectando a los ecosistemas cercanos. Por esta raz\u00f3n, la Ministra del Ambiente, Lorena Tapia, present\u00f3 hoy, la campa\u00f1a&hellip; <a href=\"https:\/\/www.ambienteyenergia.gob.ec\/ambiente\/mae-lidera-campana-para-uso-de-materiales-alternativos-en-celebracion-de-domingo-de-ramos\/\">Read more &rarr;<\/a><\/p>\n","protected":false},"author":13,"featured_media":18642,"comment_status":"open","ping_status":"open","sticky":false,"template":"","format":"standard","meta":{"footnotes":""},"categories":[16,4],"tags":[417,53,54,280],"class_list":["post-18641","post","type-post","status-publish","format-standard","has-post-thumbnail","hentry","category-comunicamos","category-noticias","tag-campana-tradicion-y-conservacion-van-de-la-mano","tag-mae","tag-ministerio-del-ambiente","tag-palma-de-ramos","xfolkentry"],"_links":{"self":[{"href":"https:\/\/www.ambienteyenergia.gob.ec\/ambiente\/wp-json\/wp\/v2\/posts\/18641","targetHints":{"allow":["GET"]}}],"collection":[{"href":"https:\/\/www.ambienteyenergia.gob.ec\/ambiente\/wp-json\/wp\/v2\/posts"}],"about":[{"href":"https:\/\/www.ambienteyenergia.gob.ec\/ambiente\/wp-json\/wp\/v2\/types\/post"}],"author":[{"embeddable":true,"href":"https:\/\/www.ambienteyenergia.gob.ec\/ambiente\/wp-json\/wp\/v2\/users\/13"}],"replies":[{"embeddable":true,"href":"https:\/\/www.ambienteyenergia.gob.ec\/ambiente\/wp-json\/wp\/v2\/comments?post=18641"}],"version-history":[{"count":0,"href":"https:\/\/www.ambienteyenergia.gob.ec\/ambiente\/wp-json\/wp\/v2\/posts\/18641\/revisions"}],"wp:featuredmedia":[{"embeddable":true,"href":"https:\/\/www.ambienteyenergia.gob.ec\/ambiente\/wp-json\/wp\/v2\/media\/18642"}],"wp:attachment":[{"href":"https:\/\/www.ambienteyenergia.gob.ec\/ambiente\/wp-json\/wp\/v2\/media?parent=18641"}],"wp:term":[{"taxonomy":"category","embeddable":true,"href":"https:\/\/www.ambienteyenergia.gob.ec\/ambiente\/wp-json\/wp\/v2\/categories?post=18641"},{"taxonomy":"post_tag","embeddable":true,"href":"https:\/\/www.ambienteyenergia.gob.ec\/ambiente\/wp-json\/wp\/v2\/tags?post=18641"}],"curies":[{"name":"wp","href":"https:\/\/api.w.org\/{rel}","templated":true}]}}