{"id":18636,"date":"2014-03-10T11:28:24","date_gmt":"2014-03-10T16:28:24","guid":{"rendered":"http:\/\/www.ambiente.gob.ec\/?p=18636"},"modified":"2014-03-10T11:31:43","modified_gmt":"2014-03-10T16:31:43","slug":"mae-conserva-reserva-ecologica-los-ilinizas-tesoro-natural-de-los-andes-ecuatorianos","status":"publish","type":"post","link":"https:\/\/www.ambienteyenergia.gob.ec\/ambiente\/mae-conserva-reserva-ecologica-los-ilinizas-tesoro-natural-de-los-andes-ecuatorianos\/","title":{"rendered":"MAE conserva Reserva Ecol\u00f3gica Los Ilinizas, tesoro natural de los Andes ecuatorianos"},"content":{"rendered":"<p style=\"text-align: justify;\"><span style=\"font-family: Arial Narrow,serif;\"><span style=\"font-size: medium;\">Por sus especiales caracter\u00edsticas, la Reserva Ecol\u00f3gica Los Ilinizas constituye uno de los principales sitios para la conservaci\u00f3n de la biodiversidad en Ecuador, pues alberga un sin n\u00famero de especies, debido a sus m\u00faltiples climas y formaciones vegetales, que abarcan desde bosques tropicales, hasta p\u00e1ramos andinos. Su altitud va desde los 800 msnm hasta los 5 263 en la cumbre m\u00e1s alta, \u00e9sta variaci\u00f3n la convierte en uno de los ecosistemas m\u00e1s ricos del Ecuador. <\/span><\/span><\/p>\n<p style=\"text-align: justify;\"><span style=\"font-family: Arial Narrow,serif;\"><span style=\"font-size: medium;\">La Reserva Ecol\u00f3gica Los Ilinizas fue creada el 11 de diciembre de 1996 y tiene una extensi\u00f3n de 149 900 hect\u00e1reas, distribuidas en las provincias de Cotopaxi, Pichincha y Santo Domingo de los Ts\u00e1chilas. <\/span><\/span><\/p>\n<p style=\"text-align: justify;\"><strong><span style=\"font-family: Arial Narrow,serif;\"><span style=\"font-size: medium;\">\u00bfC\u00f3mo llegar?<\/span><\/span><\/strong><\/p>\n<p style=\"text-align: justify;\"><span style=\"font-family: Arial Narrow,serif;\"><span style=\"font-size: medium;\">El ingreso a Los Ilinizas es desde la carretera Panamericana por el puente de Jambel\u00ed, a 11 kil\u00f3metros, pasando por el poblado de Sigchos. La entrada es gratuita y cuenta con varias actividades de recreaci\u00f3n como monta\u00f1ismo, camping, observaci\u00f3n de aves, entre otras.<\/span><\/span><\/p>\n<p style=\"text-align: justify;\"><span style=\"font-family: Arial Narrow,serif;\"><span style=\"font-size: medium;\">Para llegar al primer refugio del \u00e1rea protegida se debe ingresar al parqueadero La Virgen (3 950 msnm) que est\u00e1 a 2 kil\u00f3metros de la guardian\u00eda y donde existe una zona de camping para cerca de 50 personas. All\u00ed, la vegetaci\u00f3n de p\u00e1ramo andino es abundante y el viento es extremadamente fr\u00edo. <\/span><\/span><\/p>\n<p style=\"text-align: justify;\"><span style=\"font-family: Arial Narrow,serif;\"><span style=\"font-size: medium;\">Rodrigo Toapanta, t\u00e9cnico del Ministerio en la Reserva, informa que entre los atractivos de este tesoro natural de los Andes ecuatorianos est\u00e1n el Cerro Coraz\u00f3n, ubicado en las parroquias de Aloag y el Chaupi, los nevados Los Ilinizas, en los que se practica andinismo; y un atractivo nuevo que se est\u00e1 promocionando, las Termas de Cunugyacu, que son aguas tibias y cristalinas que se encuentran en las faldas del Iliniza Sur. Por su parte, el Quilotoa se encuentra en la parte centro de la reserva y es un peque\u00f1o ap\u00e9ndice dentro del \u00e1rea protegida.<\/span><\/span><\/p>\n<p style=\"text-align: justify;\"><strong><span style=\"font-family: Arial Narrow,serif;\"><span style=\"font-size: medium;\">Laguna del Quilotoa<\/span><\/span><\/strong><\/p>\n<p style=\"text-align: justify;\"><span style=\"font-family: Arial Narrow,serif;\"><span style=\"font-size: medium;\">La Laguna del Quilotoa, ubicada al sur de la ciudad de Latacunga -a tres horas y media de Quito-, posee una belleza paisaj\u00edstica inigualable. El color verde azulado de sus aguas, su particular forma redondeada y la tranquilidad que se respira en la zona, son algunas de las caracter\u00edsticas que atraen a alrededor de 200 turistas al mes.<\/span><\/span><\/p>\n<p style=\"text-align: justify;\"><span style=\"font-family: Arial Narrow,serif;\"><span style=\"font-size: medium;\">Paula Pelozo, turista argentina, que visit\u00f3 la Reserva, coment\u00f3 que en su pa\u00eds varios amigos le recomendaron visitar el Quilotoa. \u00abVine a recorrer todo Ecuador y uno de los lugares que me recomendaron es \u00e9ste. El lago es hermoso, la gente es muy hospitalaria y me gustan las actividades que hay. Lo principal para m\u00ed es concienciar a la gente para que cuiden las reservas naturales y a partir de eso promover el turismo desde la gente\u00bb<\/span><\/span><\/p>\n<p style=\"text-align: justify;\"><span style=\"font-family: Arial Narrow,serif;\"><span style=\"font-size: medium;\">Desde el mirador -situado al interior de la reserva- con una altura de 4 000 msnm, se puede divisar un gran cr\u00e1ter lleno de agua, que tiene un di\u00e1metro de aproximadamente 3 kil\u00f3metros y una profundidad promedio de 250 metros. La laguna en forma de caldera es el resultado de una erupci\u00f3n volc\u00e1nica suscitada hace cientos de a\u00f1os.<\/span><\/span><\/p>\n<p style=\"text-align: justify;\"><span style=\"font-family: Arial Narrow,serif;\"><span style=\"font-size: medium;\"><b>\u00ab<\/b><\/span><\/span><span style=\"font-family: Arial Narrow,serif;\"><span style=\"font-size: medium;\">Lo que me llam\u00f3 la atenci\u00f3n de la Laguna del Quilotoa fue su espectacular vista y la naturaleza que rodea al cr\u00e1ter. Me gust\u00f3 bastante el clima. El sol de la ma\u00f1ana es espectacular\u00bb, asegur\u00f3 Anthony Naranjo, turista nacional.<\/span><\/span><\/p>\n<p style=\"text-align: justify;\"><span style=\"font-family: Arial Narrow,serif;\"><span style=\"font-size: medium;\">El trayecto del mirador a la laguna toma cerca de 45 minutos, pues son alrededor de 2 kil\u00f3metros y medio, de un camino lleno de curvas, polvo y rodeado de vegetaci\u00f3n. El mantenimiento del sedero lo realiza la comunidad con el apoyo del MAE.<\/span><\/span><\/p>\n<p style=\"text-align: justify;\"><span style=\"font-family: Arial Narrow,serif;\"><span style=\"font-size: medium;\">Dentro del cr\u00e1ter, se puede contemplar la magnificencia de la laguna y el hermoso color de sus aguas. Jhonny Andino, guardaparque de la Reserva Ecol\u00f3gica Los Ilinizas, mencion\u00f3 que en esta zona existe poca vegetaci\u00f3n, debido al relieve propio del sector. \u00abPero en cuanto a fauna, en los alrededores encontramos a lobos de p\u00e1ramo, zorrillos y cervicabras; y respecto a avifauna hay torcazas, quindes y quilicos\u00bb.<\/span><\/span><\/p>\n<p style=\"text-align: justify;\"><span style=\"font-family: Arial Narrow,serif;\"><span style=\"font-size: medium;\">En el \u00e1rea existen varios lugares para acampar, una peque\u00f1a caba\u00f1a que provee a los turistas de agua, gaseosas y snacks. Adem\u00e1s, se brinda servicio de kayak para navegar por la laguna y de transporte a caballos o mulas para el ascenso.<\/span><\/span><\/p>\n<p style=\"text-align: justify;\"><span style=\"font-family: Arial Narrow,serif;\"><span style=\"font-size: medium;\">\u00abGracias al Ministerio del Ambiente que don\u00f3 los kayaks, hoy trabajamos con eso y tenemos una organizaci\u00f3n grande, en la que participamos varios socios de la comunidad con el apoyo del Gobierno\u00bb, se\u00f1al\u00f3 Jos\u00e9 Pilataxi, miembro de la comunidad del Quilotoa.<\/span><\/span><\/p>\n<p style=\"text-align: justify;\"><span style=\"font-family: Arial Narrow,serif;\"><span style=\"font-size: medium;\">El MAE trabaja conjuntamente con la poblaci\u00f3n en la promoci\u00f3n de un turismo sostenible, en el que los actores y beneficiarios primordiales son los miembros de la comunidad del Quilotoa, con la finalidad de que <\/span><\/span><span style=\"font-family: Arial Narrow,serif;\"><span style=\"font-size: medium;\">aprovechen los recursos propios de la zona, pero de manera amigable con el ambiente.<\/span><\/span><\/p>\n<p style=\"text-align: justify;\">Para conocer m\u00e1s sobre la Laguna del Quilotoa, dar click <a href=\"https:\/\/www.youtube.com\/watch?v=r3GulhwKf7g&amp;feature=youtu.be\">aqui<\/a>.<\/p>\n","protected":false},"excerpt":{"rendered":"<p class=\"excerpt\">Por sus especiales caracter\u00edsticas, la Reserva Ecol\u00f3gica Los Ilinizas constituye uno de los principales sitios para la conservaci\u00f3n de la biodiversidad en Ecuador, pues alberga un sin n\u00famero de especies, debido a sus m\u00faltiples climas y formaciones vegetales, que abarcan desde bosques tropicales, hasta p\u00e1ramos andinos. Su altitud va desde los 800 msnm hasta los 5 263 en la cumbre&hellip; <a href=\"https:\/\/www.ambienteyenergia.gob.ec\/ambiente\/mae-conserva-reserva-ecologica-los-ilinizas-tesoro-natural-de-los-andes-ecuatorianos\/\">Read more &rarr;<\/a><\/p>\n","protected":false},"author":13,"featured_media":18637,"comment_status":"open","ping_status":"open","sticky":false,"template":"","format":"standard","meta":{"footnotes":""},"categories":[16,4],"tags":[147,416,108,53],"class_list":["post-18636","post","type-post","status-publish","format-standard","has-post-thumbnail","hentry","category-comunicamos","category-noticias","tag-areas-protegidas-2","tag-ilinizas","tag-lorena-tapia","tag-mae","xfolkentry"],"_links":{"self":[{"href":"https:\/\/www.ambienteyenergia.gob.ec\/ambiente\/wp-json\/wp\/v2\/posts\/18636","targetHints":{"allow":["GET"]}}],"collection":[{"href":"https:\/\/www.ambienteyenergia.gob.ec\/ambiente\/wp-json\/wp\/v2\/posts"}],"about":[{"href":"https:\/\/www.ambienteyenergia.gob.ec\/ambiente\/wp-json\/wp\/v2\/types\/post"}],"author":[{"embeddable":true,"href":"https:\/\/www.ambienteyenergia.gob.ec\/ambiente\/wp-json\/wp\/v2\/users\/13"}],"replies":[{"embeddable":true,"href":"https:\/\/www.ambienteyenergia.gob.ec\/ambiente\/wp-json\/wp\/v2\/comments?post=18636"}],"version-history":[{"count":0,"href":"https:\/\/www.ambienteyenergia.gob.ec\/ambiente\/wp-json\/wp\/v2\/posts\/18636\/revisions"}],"wp:featuredmedia":[{"embeddable":true,"href":"https:\/\/www.ambienteyenergia.gob.ec\/ambiente\/wp-json\/wp\/v2\/media\/18637"}],"wp:attachment":[{"href":"https:\/\/www.ambienteyenergia.gob.ec\/ambiente\/wp-json\/wp\/v2\/media?parent=18636"}],"wp:term":[{"taxonomy":"category","embeddable":true,"href":"https:\/\/www.ambienteyenergia.gob.ec\/ambiente\/wp-json\/wp\/v2\/categories?post=18636"},{"taxonomy":"post_tag","embeddable":true,"href":"https:\/\/www.ambienteyenergia.gob.ec\/ambiente\/wp-json\/wp\/v2\/tags?post=18636"}],"curies":[{"name":"wp","href":"https:\/\/api.w.org\/{rel}","templated":true}]}}