{"id":18628,"date":"2014-03-08T16:32:29","date_gmt":"2014-03-08T21:32:29","guid":{"rendered":"http:\/\/www.ambiente.gob.ec\/?p=18628"},"modified":"2014-03-10T08:35:57","modified_gmt":"2014-03-10T13:35:57","slug":"ministra-lorena-tapia-expuso-en-enlace-ciudadano-sobre-plan-de-gestion-integral-del-residuos","status":"publish","type":"post","link":"https:\/\/www.ambienteyenergia.gob.ec\/ambiente\/ministra-lorena-tapia-expuso-en-enlace-ciudadano-sobre-plan-de-gestion-integral-del-residuos\/","title":{"rendered":"Ministra Lorena Tapia expuso en Enlace Ciudadano sobre Plan de Gesti\u00f3n Integral de Residuos S\u00f3lidos"},"content":{"rendered":"<p style=\"text-align: justify;\">Hoy, en Tisaleo cant\u00f3n de Tungurahua, la Ministra del Ambiente, Lorena Tapia, particip\u00f3 en el Enlace Ciudadano n\u00famero 364, realizado en el Estadio Municipal del barrio el Para\u00edso junto al Presidente, Rafael Correa.<\/p>\n<p style=\"text-align: justify;\">La Ministra expuso sobre el Proyecto\u00a0de Gesti\u00f3n Integral de Desechos S\u00f3lidos. Esta iniciativa comprende la eliminaci\u00f3n de todos los botaderos del pa\u00eds para el 2017, \u00a0la implementaci\u00f3n de\u00a080 rellenos sanitarios,\u00a0que establecer\u00e1n una mejor calidad de vida para los ciudadanos y facilitar\u00e1 el manejo de desperdicios a nivel nacional. Adem\u00e1s, de la implementaci\u00f3n del Plan Nacional para la Gesti\u00f3n Integral de Residuos S\u00f3lidos a nivel de todos los 221 municipios del Ecuador.<\/p>\n<p style=\"text-align: justify;\"><em>\u201cPor primera vez\u00a0en la historia,\u00a0en agosto\u00a0de este a\u00f1o se iniciar\u00e1\u00a0El\u00a0Plan\u00a0Nacional de\u00a0Gesti\u00f3n Integral de\u00a0Residuos\u00a0S\u00f3lidos, es decir\u00a0pol\u00edticas\u00a0claras con plazos\u00a0s\u00f3lidos y\u00a0estandarizaci\u00f3n\u00a0de normativas\u00a0ambientales,\u00a0que beneficiaran a todos los ecuatorianos.\u201d<\/em> ratific\u00f3 la\u00a0Ministra Tapia.<\/p>\n<p style=\"text-align: justify;\">Por su parte, el Presidente de la Rep\u00fablica, Rafael Correa recalc\u00f3 que <em>\u00abtenemos que lograr un adecuado tratamiento de\u00a0residuos\u00a0s\u00f3lidos,\u00a0es de suma importancia la coordinaci\u00f3n\u00a0de los\u00a0gobiernos locales, hay que mancomunar municipios\u00a0para\u00a0abaratar\u00a0costos\u00a0y mejorar servicios\u201d.<\/em><\/p>\n<p style=\"text-align: justify;\">Uno de los hitos de este a\u00f1o fue la creaci\u00f3n de la \u00a0Mancomunidad Sumak Kawsay o Mundo Verde est\u00e1 conformada por 20 cantones de las provincias de\u00a0 Guayas, Los R\u00edos y Bol\u00edvar, donde habita 1\u2019017.639 de personas. En los <b>Estudios de Gesti\u00f3n Integral y Aprovechamiento de Residuos S\u00f3lidos Generados por esta mancomunidad<\/b>, en los que se han invertido USD 3,8 millones. Estos 20 cantones producen un total de 655 t\/d de residuos, que se disponen en 20 botaderos a cielo abierto, que demandan una intervenci\u00f3n t\u00e9cnica urgente. La mayor\u00eda de los GAD no cuentan con procesos de separaci\u00f3n en la fuente, por lo cual el Ministerio del Ambiente ha gestionado y coordinado su fortalecimiento.<\/p>\n<p style=\"text-align: justify;\">En ese sentido, el MAE tambi\u00e9n planifica la generaci\u00f3n de energ\u00eda, a trav\u00e9s de la gesti\u00f3n de residuos. Se desarrollan proyectos piloto donde se usar\u00e1 gas metano de relleno y desechos org\u00e1nicos. Asimismo, esta Cartera de Estado cuenta con un programa de recuperaci\u00f3n de botellas,\u00a0con un\u00a0fondo redimible\u00a0de\u00a0dos\u00a0centavos por\u00a0unidad, que\u00a0crea plazas de empleo a\u00a0los recicladores\u00a0del pa\u00eds.<\/p>\n<p style=\"text-align: justify;\">Uno de los grandes desaf\u00edos que enfrentan los pa\u00edses y gobiernos locales en todo el mundo es el manejo de los desechos s\u00f3lidos, debido al crecimiento urban\u00edstico el volumen de desperdicios va en aumento. Frente a este panorama, el MAE ha asumido el reto y compromiso de establecer para los ciudadanos condiciones de vida adecuadas.<\/p>\n<p style=\"text-align: justify;\">Para finalizar\u00a0su\u00a0intervenci\u00f3n la Ministra\u00a0asegur\u00f3 que en el Ministerio del Ambiente se busca priorizar recursos, a trav\u00e9s del reciclaje de celulares, agroqu\u00edmicos, pilas y otros desechos. <em>\u00abTambi\u00e9n estamos planteando procedimientos para responsabilizar a las empresas frente al manejo irresponsable de los\u00a0mismos\u201d<\/em>.<\/p>\n<p style=\"text-align: justify;\">El\u00a0modelo de residuos s\u00f3lidos\u00a0es una forma de contribuir al Plan Nacional del Buen Vivir, que promueve el Gobierno central.\u00a0Un proyecto de tal magnitud demanda unir esfuerzo, voluntad y recursos de los diversos sectores involucrados.\u00a0El MAE\u00a0apoya el fortalecimiento de\u00a0gesti\u00f3n de\u00a0basura\u00a0en\u00a0el pa\u00eds, considera que el manejo integral de desechos es un pilar fundamental para constituirse en un ejemplo de gesti\u00f3n y un testimonio de cooperaci\u00f3n\u00a0nacional.<\/p>\n","protected":false},"excerpt":{"rendered":"<p class=\"excerpt\">Hoy, en Tisaleo cant\u00f3n de Tungurahua, la Ministra del Ambiente, Lorena Tapia, particip\u00f3 en el Enlace Ciudadano n\u00famero 364, realizado en el Estadio Municipal del barrio el Para\u00edso junto al Presidente, Rafael Correa. La Ministra expuso sobre el Proyecto\u00a0de Gesti\u00f3n Integral de Desechos S\u00f3lidos. Esta iniciativa comprende la eliminaci\u00f3n de todos los botaderos del pa\u00eds para el 2017, \u00a0la implementaci\u00f3n&hellip; <a href=\"https:\/\/www.ambienteyenergia.gob.ec\/ambiente\/ministra-lorena-tapia-expuso-en-enlace-ciudadano-sobre-plan-de-gestion-integral-del-residuos\/\">Read more &rarr;<\/a><\/p>\n","protected":false},"author":13,"featured_media":18629,"comment_status":"open","ping_status":"open","sticky":false,"template":"","format":"standard","meta":{"footnotes":""},"categories":[16,4],"tags":[92,108,53,415],"class_list":["post-18628","post","type-post","status-publish","format-standard","has-post-thumbnail","hentry","category-comunicamos","category-noticias","tag-desechos-solidos","tag-lorena-tapia","tag-mae","tag-mancomunidad","xfolkentry"],"_links":{"self":[{"href":"https:\/\/www.ambienteyenergia.gob.ec\/ambiente\/wp-json\/wp\/v2\/posts\/18628","targetHints":{"allow":["GET"]}}],"collection":[{"href":"https:\/\/www.ambienteyenergia.gob.ec\/ambiente\/wp-json\/wp\/v2\/posts"}],"about":[{"href":"https:\/\/www.ambienteyenergia.gob.ec\/ambiente\/wp-json\/wp\/v2\/types\/post"}],"author":[{"embeddable":true,"href":"https:\/\/www.ambienteyenergia.gob.ec\/ambiente\/wp-json\/wp\/v2\/users\/13"}],"replies":[{"embeddable":true,"href":"https:\/\/www.ambienteyenergia.gob.ec\/ambiente\/wp-json\/wp\/v2\/comments?post=18628"}],"version-history":[{"count":0,"href":"https:\/\/www.ambienteyenergia.gob.ec\/ambiente\/wp-json\/wp\/v2\/posts\/18628\/revisions"}],"wp:featuredmedia":[{"embeddable":true,"href":"https:\/\/www.ambienteyenergia.gob.ec\/ambiente\/wp-json\/wp\/v2\/media\/18629"}],"wp:attachment":[{"href":"https:\/\/www.ambienteyenergia.gob.ec\/ambiente\/wp-json\/wp\/v2\/media?parent=18628"}],"wp:term":[{"taxonomy":"category","embeddable":true,"href":"https:\/\/www.ambienteyenergia.gob.ec\/ambiente\/wp-json\/wp\/v2\/categories?post=18628"},{"taxonomy":"post_tag","embeddable":true,"href":"https:\/\/www.ambienteyenergia.gob.ec\/ambiente\/wp-json\/wp\/v2\/tags?post=18628"}],"curies":[{"name":"wp","href":"https:\/\/api.w.org\/{rel}","templated":true}]}}