{"id":18625,"date":"2014-03-08T09:56:54","date_gmt":"2014-03-08T14:56:54","guid":{"rendered":"http:\/\/www.ambiente.gob.ec\/?p=18625"},"modified":"2014-03-08T09:56:54","modified_gmt":"2014-03-08T14:56:54","slug":"salud-de-pepe-el-misionero-mejora-bajo-cuidado-del-ministerio-del-ambiente","status":"publish","type":"post","link":"https:\/\/www.ambienteyenergia.gob.ec\/ambiente\/salud-de-pepe-el-misionero-mejora-bajo-cuidado-del-ministerio-del-ambiente\/","title":{"rendered":"Salud de Pepe \u201cEl Misionero\u201d mejora bajo cuidado del Ministerio del Ambiente"},"content":{"rendered":"<p style=\"text-align: justify;\"><strong><i>La tortuga que fue recuperada de la misi\u00f3n Franciscana en el 2012 se adapta lentamente a los espacios naturales.\u00a0<\/i><\/strong><b><i> \u00a0 \u00a0<\/i><\/b><\/p>\n<p style=\"text-align: justify;\">Pepe \u00abEl Misionero\u00bb se adapta lentamente a los espacios naturales en su corral, ubicado en el Centro\u00a0 de Interpretaci\u00f3n de la Direcci\u00f3n del Parque Nacional Gal\u00e1pagos (DPNG), en la Unidad T\u00e9cnica San Crist\u00f3bal, sitio de visita cultural y educativo que recibe\u00a0 aproximadamente 2 000 turistas cada mes.<\/p>\n<p style=\"text-align: justify;\">Al ser la primera tortuga terrestre que los turistas observan en el \u00e1rea urbana de Puerto Baquerizo Moreno, se ha convertido en una de las m\u00e1s fotografiadas de la isla, en la que ha habitado durante m\u00e1s de 60 a\u00f1os, primero en la Misi\u00f3n Franciscana y desde septiembre del a\u00f1o 2012 pas\u00f3 al cuidado de la Direcci\u00f3n del Parque Nacional Gal\u00e1pagos (DPNG).<\/p>\n<p style=\"text-align: justify;\">Los an\u00e1lisis gen\u00e9ticos realizados el a\u00f1o pasado por la Universidad de Yale determinaron que la tortuga pertenece a la especie <i>Chelonoidis becki<\/i>, originaria de volc\u00e1n Wolf, en la isla Isabela. Otros ex\u00e1menes realizados en el 2012 determinaron que Pepe, con 179.80 kilos, ten\u00eda sobrepeso, desorden nutricional y parasitismo, producto de la ingesta de lavazas.<\/p>\n<p style=\"text-align: justify;\">Con la ayuda de cient\u00edficos de la Universidad San Francisco de Quito, veterinarios de la Fundaci\u00f3n Charles Darwin y los guardaparques de la Direcci\u00f3n T\u00e9cnica San Crist\u00f3bal implementaron una dieta (fruta y otoy) que ingiere pasando un d\u00eda. Aunque todav\u00eda tiene sobrepeso, el contar con un \u00e1rea verde con piscina y \u00e1rea de comida distanciados entre s\u00ed, facilita que se movilice para ejercitar su cuerpo, por lo que su peso actual es de 163.1 kilos.<\/p>\n<p style=\"text-align: justify;\">Carlos Ortega, Director de la Unidad T\u00e9cnica San Crist\u00f3bal, indic\u00f3 que la fisonom\u00eda de Pepe (El Misionero) ha mejorado mucho en relaci\u00f3n con el d\u00eda que pas\u00f3 a estar bajo nuestro cuidado.<\/p>\n<p style=\"text-align: justify;\">En el espacio en el que se encuentra, adem\u00e1s de ejercitarse, tambi\u00e9n se mantiene un contacto con las personas que llegan a diario al sitio de visita cultural educativo Centro de Interpretaci\u00f3n, actividad que fue siempre parte de su vida cotidiana por m\u00e1s de 60 a\u00f1os.<\/p>\n<p style=\"text-align: justify;\">Ortega destaca que el proceso de adaptaci\u00f3n de esta especie, que pas\u00f3 de dom\u00e9stica a un estado seminatural, ha sido muy lento y ha requerido de constante cuidado de los t\u00e9cnicos y especialistas que est\u00e1n a cargo de su monitoreo.<\/p>\n<p style=\"text-align: justify;\">\n","protected":false},"excerpt":{"rendered":"<p class=\"excerpt\">La tortuga que fue recuperada de la misi\u00f3n Franciscana en el 2012 se adapta lentamente a los espacios naturales.\u00a0 \u00a0 \u00a0 Pepe \u00abEl Misionero\u00bb se adapta lentamente a los espacios naturales en su corral, ubicado en el Centro\u00a0 de Interpretaci\u00f3n de la Direcci\u00f3n del Parque Nacional Gal\u00e1pagos (DPNG), en la Unidad T\u00e9cnica San Crist\u00f3bal, sitio de visita cultural y educativo&hellip; <a href=\"https:\/\/www.ambienteyenergia.gob.ec\/ambiente\/salud-de-pepe-el-misionero-mejora-bajo-cuidado-del-ministerio-del-ambiente\/\">Read more &rarr;<\/a><\/p>\n","protected":false},"author":13,"featured_media":18626,"comment_status":"open","ping_status":"open","sticky":false,"template":"","format":"standard","meta":{"footnotes":""},"categories":[16,4],"tags":[],"class_list":["post-18625","post","type-post","status-publish","format-standard","has-post-thumbnail","hentry","category-comunicamos","category-noticias","xfolkentry"],"_links":{"self":[{"href":"https:\/\/www.ambienteyenergia.gob.ec\/ambiente\/wp-json\/wp\/v2\/posts\/18625","targetHints":{"allow":["GET"]}}],"collection":[{"href":"https:\/\/www.ambienteyenergia.gob.ec\/ambiente\/wp-json\/wp\/v2\/posts"}],"about":[{"href":"https:\/\/www.ambienteyenergia.gob.ec\/ambiente\/wp-json\/wp\/v2\/types\/post"}],"author":[{"embeddable":true,"href":"https:\/\/www.ambienteyenergia.gob.ec\/ambiente\/wp-json\/wp\/v2\/users\/13"}],"replies":[{"embeddable":true,"href":"https:\/\/www.ambienteyenergia.gob.ec\/ambiente\/wp-json\/wp\/v2\/comments?post=18625"}],"version-history":[{"count":0,"href":"https:\/\/www.ambienteyenergia.gob.ec\/ambiente\/wp-json\/wp\/v2\/posts\/18625\/revisions"}],"wp:featuredmedia":[{"embeddable":true,"href":"https:\/\/www.ambienteyenergia.gob.ec\/ambiente\/wp-json\/wp\/v2\/media\/18626"}],"wp:attachment":[{"href":"https:\/\/www.ambienteyenergia.gob.ec\/ambiente\/wp-json\/wp\/v2\/media?parent=18625"}],"wp:term":[{"taxonomy":"category","embeddable":true,"href":"https:\/\/www.ambienteyenergia.gob.ec\/ambiente\/wp-json\/wp\/v2\/categories?post=18625"},{"taxonomy":"post_tag","embeddable":true,"href":"https:\/\/www.ambienteyenergia.gob.ec\/ambiente\/wp-json\/wp\/v2\/tags?post=18625"}],"curies":[{"name":"wp","href":"https:\/\/api.w.org\/{rel}","templated":true}]}}