{"id":18612,"date":"2014-03-07T16:10:35","date_gmt":"2014-03-07T21:10:35","guid":{"rendered":"http:\/\/www.ambiente.gob.ec\/?p=18612"},"modified":"2014-03-07T16:18:35","modified_gmt":"2014-03-07T21:18:35","slug":"el-analisis-de-suelos-es-un-mecanismo-clave-para-la-adaptacion-y-mitigacion-al-cambio-climatico","status":"publish","type":"post","link":"https:\/\/www.ambienteyenergia.gob.ec\/ambiente\/el-analisis-de-suelos-es-un-mecanismo-clave-para-la-adaptacion-y-mitigacion-al-cambio-climatico\/","title":{"rendered":"El an\u00e1lisis de suelos es un mecanismo clave para la adaptaci\u00f3n y mitigaci\u00f3n del cambio clim\u00e1tico"},"content":{"rendered":"<p style=\"text-align: justify;\">El Ministerio del Ambiente del Ecuador (MAE) suscribi\u00f3 un acuerdo interinstitucional con el Instituto Nacional Aut\u00f3nomo de Investigaci\u00f3n Agropecuaria (INIAP), con el objetivo de usar sus instalaciones (laboratorios), en donde se analizan muestras de los suelos recolectados de los diversos estratos de bosque y \u00e1rboles fuera del \u00e1rea del pa\u00eds, a trav\u00e9s de las brigadas de campo de la Evaluaci\u00f3n Nacional Forestal (ENF).\u00a0 Esta iniciativa se trabaja desde la Subsecretar\u00eda de Cambio Clim\u00e1tico en cooperaci\u00f3n con el Programa Nacional Conjunto ONU-REDD.<\/p>\n<p style=\"text-align: justify;\">El an\u00e1lisis de suelos como parte de los mecanismos de mitigaci\u00f3n y adaptaci\u00f3n al cambio clim\u00e1tico permite al Ecuador contar con informaci\u00f3n detallada sobre la capacidad de captura de gases de efecto invernadero que tienen los bosques y suelos del Ecuador.<\/p>\n<p style=\"text-align: justify;\">Uno de los objetivos principales de esta cooperaci\u00f3n interinstitucional es la medici\u00f3n de carbono org\u00e1nico total del suelo. Para ello, y tal como lo establece el Panel Intergubernamental del Cambio Clim\u00e1tico (IPCC por sus siglas en ingl\u00e9s), el MAE y el INIAP han establecido el m\u00e9todo de \u201ccombusti\u00f3n seca\u201d, que se\u00a0 aplica por medio del uso de un analizador elemental de carbono y nitr\u00f3geno. Este equipo de \u00faltima generaci\u00f3n permite calcular exactamente la cantidad de carbono que cada tipo de suelo captura, contribuyendo de esta manera al registro del inventario y contabilidad nacional relacionados con las emisiones de Gases de Efecto Invernadero (GEI).<\/p>\n<p style=\"text-align: justify;\">Es importante se\u00f1alar, que la materia org\u00e1nica del suelo es un indicador clave de la calidad del mismo, tanto en sus funciones agr\u00edcolas (producci\u00f3n y econom\u00eda) como en las ambientales (captura de carbono y calidad del aire). Los flujos entre el carbono org\u00e1nico del suelo o terrestre y la atm\u00f3sfera son importantes y pueden ser positivos bajo la forma de captura o negativos como emisi\u00f3n de CO2.<\/p>\n<div id='gallery-1' class='gallery galleryid-18612 gallery-columns-3 gallery-size-thumbnail'><dl class='gallery-item'>\n\t\t\t<dt class='gallery-icon landscape'>\n\t\t\t\t<a href='https:\/\/www.ambienteyenergia.gob.ec\/ambiente\/el-analisis-de-suelos-es-un-mecanismo-clave-para-la-adaptacion-y-mitigacion-al-cambio-climatico\/img_2247\/'><img loading=\"lazy\" decoding=\"async\" width=\"150\" height=\"150\" src=\"https:\/\/www.ambienteyenergia.gob.ec\/ambiente\/wp-content\/uploads\/sites\/2\/2014\/03\/IMG_2247-150x150.jpg\" class=\"attachment-thumbnail size-thumbnail\" alt=\"\" \/><\/a>\n\t\t\t<\/dt><\/dl><dl class='gallery-item'>\n\t\t\t<dt class='gallery-icon landscape'>\n\t\t\t\t<a href='https:\/\/www.ambienteyenergia.gob.ec\/ambiente\/el-analisis-de-suelos-es-un-mecanismo-clave-para-la-adaptacion-y-mitigacion-al-cambio-climatico\/img_2287\/'><img loading=\"lazy\" decoding=\"async\" width=\"150\" height=\"150\" src=\"https:\/\/www.ambienteyenergia.gob.ec\/ambiente\/wp-content\/uploads\/sites\/2\/2014\/03\/IMG_2287-150x150.jpg\" class=\"attachment-thumbnail size-thumbnail\" alt=\"\" \/><\/a>\n\t\t\t<\/dt><\/dl>\n\t\t\t<br style='clear: both' \/>\n\t\t<\/div>\n\n","protected":false},"excerpt":{"rendered":"<p class=\"excerpt\">El Ministerio del Ambiente del Ecuador (MAE) suscribi\u00f3 un acuerdo interinstitucional con el Instituto Nacional Aut\u00f3nomo de Investigaci\u00f3n Agropecuaria (INIAP), con el objetivo de usar sus instalaciones (laboratorios), en donde se analizan muestras de los suelos recolectados de los diversos estratos de bosque y \u00e1rboles fuera del \u00e1rea del pa\u00eds, a trav\u00e9s de las brigadas de campo de la Evaluaci\u00f3n&hellip; <a href=\"https:\/\/www.ambienteyenergia.gob.ec\/ambiente\/el-analisis-de-suelos-es-un-mecanismo-clave-para-la-adaptacion-y-mitigacion-al-cambio-climatico\/\">Read more &rarr;<\/a><\/p>\n","protected":false},"author":13,"featured_media":18613,"comment_status":"open","ping_status":"open","sticky":false,"template":"","format":"standard","meta":{"footnotes":""},"categories":[16,4],"tags":[],"class_list":["post-18612","post","type-post","status-publish","format-standard","has-post-thumbnail","hentry","category-comunicamos","category-noticias","xfolkentry"],"_links":{"self":[{"href":"https:\/\/www.ambienteyenergia.gob.ec\/ambiente\/wp-json\/wp\/v2\/posts\/18612","targetHints":{"allow":["GET"]}}],"collection":[{"href":"https:\/\/www.ambienteyenergia.gob.ec\/ambiente\/wp-json\/wp\/v2\/posts"}],"about":[{"href":"https:\/\/www.ambienteyenergia.gob.ec\/ambiente\/wp-json\/wp\/v2\/types\/post"}],"author":[{"embeddable":true,"href":"https:\/\/www.ambienteyenergia.gob.ec\/ambiente\/wp-json\/wp\/v2\/users\/13"}],"replies":[{"embeddable":true,"href":"https:\/\/www.ambienteyenergia.gob.ec\/ambiente\/wp-json\/wp\/v2\/comments?post=18612"}],"version-history":[{"count":0,"href":"https:\/\/www.ambienteyenergia.gob.ec\/ambiente\/wp-json\/wp\/v2\/posts\/18612\/revisions"}],"wp:featuredmedia":[{"embeddable":true,"href":"https:\/\/www.ambienteyenergia.gob.ec\/ambiente\/wp-json\/wp\/v2\/media\/18613"}],"wp:attachment":[{"href":"https:\/\/www.ambienteyenergia.gob.ec\/ambiente\/wp-json\/wp\/v2\/media?parent=18612"}],"wp:term":[{"taxonomy":"category","embeddable":true,"href":"https:\/\/www.ambienteyenergia.gob.ec\/ambiente\/wp-json\/wp\/v2\/categories?post=18612"},{"taxonomy":"post_tag","embeddable":true,"href":"https:\/\/www.ambienteyenergia.gob.ec\/ambiente\/wp-json\/wp\/v2\/tags?post=18612"}],"curies":[{"name":"wp","href":"https:\/\/api.w.org\/{rel}","templated":true}]}}