{"id":18609,"date":"2014-03-07T16:07:16","date_gmt":"2014-03-07T21:07:16","guid":{"rendered":"http:\/\/www.ambiente.gob.ec\/?p=18609"},"modified":"2014-03-07T16:07:16","modified_gmt":"2014-03-07T21:07:16","slug":"mae-cuenta-con-equipos-de-ultima-generacion-para-sistema-de-monitoreo-forestal","status":"publish","type":"post","link":"https:\/\/www.ambienteyenergia.gob.ec\/ambiente\/mae-cuenta-con-equipos-de-ultima-generacion-para-sistema-de-monitoreo-forestal\/","title":{"rendered":"MAE cuenta con equipos de \u00faltima generaci\u00f3n para sistema de monitoreo forestal"},"content":{"rendered":"<p style=\"text-align: justify;\">El Ministerio del Ambiente del Ecuador (MAE), a trav\u00e9s de la Subsecretar\u00eda de Cambio Clim\u00e1tico, realiz\u00f3, la semana pasada, una inspecci\u00f3n de la nueva infraestructura tecnol\u00f3gica instalada para el Sistema Nacional de Informaci\u00f3n y Monitoreo Forestal. Estos equipos, donados por el Programa ONU-REDD, facilitar\u00e1n el procesamiento de informaci\u00f3n espacial y biof\u00edsica de los bosques y otros usos de la tierra. Adem\u00e1s, aportar\u00e1n en la integraci\u00f3n de los diferentes proyectos de la Unidad de Monitoreo de Patrimonio Natural.<\/p>\n<p style=\"text-align: justify;\">La informaci\u00f3n generada por el sistema debe ser transparente, coherente y de f\u00e1cil reporte, tal como lo establece la Convenci\u00f3n Marco de Naciones Unidas sobre Cambio Clim\u00e1tico (CMNUCC): <i>\u201c(\u2026) Establezcan, de acuerdo con sus circunstancias y capacidades nacionales, sistemas de vigilancia de los bosques nacionales que sean robustos y transparentes (\u2026)\u201d<\/i><\/p>\n<p style=\"text-align: justify;\">Toda la infraestructura que se encuentra en operaci\u00f3n incluye equipos de comunicaci\u00f3n de \u00faltima generaci\u00f3n, instalaci\u00f3n y configuraci\u00f3n de software, gabinetes cerrados de protecci\u00f3n de hardware y un UPS trif\u00e1sico de 10KVA, tal como lo establece la norma internacional sobre seguridad, confiabilidad y responsabilidad ecol\u00f3gica.<\/p>\n<p style=\"text-align: justify;\"><strong>El dato\u00a0<\/strong><\/p>\n<p style=\"text-align: justify;\">La inversi\u00f3n de todo este equipamiento asciende aproximadamente a USD 45 000.<\/p>\n<p style=\"text-align: justify;\">\n","protected":false},"excerpt":{"rendered":"<p class=\"excerpt\">El Ministerio del Ambiente del Ecuador (MAE), a trav\u00e9s de la Subsecretar\u00eda de Cambio Clim\u00e1tico, realiz\u00f3, la semana pasada, una inspecci\u00f3n de la nueva infraestructura tecnol\u00f3gica instalada para el Sistema Nacional de Informaci\u00f3n y Monitoreo Forestal. Estos equipos, donados por el Programa ONU-REDD, facilitar\u00e1n el procesamiento de informaci\u00f3n espacial y biof\u00edsica de los bosques y otros usos de la tierra.&hellip; <a href=\"https:\/\/www.ambienteyenergia.gob.ec\/ambiente\/mae-cuenta-con-equipos-de-ultima-generacion-para-sistema-de-monitoreo-forestal\/\">Read more &rarr;<\/a><\/p>\n","protected":false},"author":13,"featured_media":18610,"comment_status":"open","ping_status":"open","sticky":false,"template":"","format":"standard","meta":{"footnotes":""},"categories":[16,4],"tags":[],"class_list":["post-18609","post","type-post","status-publish","format-standard","has-post-thumbnail","hentry","category-comunicamos","category-noticias","xfolkentry"],"_links":{"self":[{"href":"https:\/\/www.ambienteyenergia.gob.ec\/ambiente\/wp-json\/wp\/v2\/posts\/18609","targetHints":{"allow":["GET"]}}],"collection":[{"href":"https:\/\/www.ambienteyenergia.gob.ec\/ambiente\/wp-json\/wp\/v2\/posts"}],"about":[{"href":"https:\/\/www.ambienteyenergia.gob.ec\/ambiente\/wp-json\/wp\/v2\/types\/post"}],"author":[{"embeddable":true,"href":"https:\/\/www.ambienteyenergia.gob.ec\/ambiente\/wp-json\/wp\/v2\/users\/13"}],"replies":[{"embeddable":true,"href":"https:\/\/www.ambienteyenergia.gob.ec\/ambiente\/wp-json\/wp\/v2\/comments?post=18609"}],"version-history":[{"count":0,"href":"https:\/\/www.ambienteyenergia.gob.ec\/ambiente\/wp-json\/wp\/v2\/posts\/18609\/revisions"}],"wp:featuredmedia":[{"embeddable":true,"href":"https:\/\/www.ambienteyenergia.gob.ec\/ambiente\/wp-json\/wp\/v2\/media\/18610"}],"wp:attachment":[{"href":"https:\/\/www.ambienteyenergia.gob.ec\/ambiente\/wp-json\/wp\/v2\/media?parent=18609"}],"wp:term":[{"taxonomy":"category","embeddable":true,"href":"https:\/\/www.ambienteyenergia.gob.ec\/ambiente\/wp-json\/wp\/v2\/categories?post=18609"},{"taxonomy":"post_tag","embeddable":true,"href":"https:\/\/www.ambienteyenergia.gob.ec\/ambiente\/wp-json\/wp\/v2\/tags?post=18609"}],"curies":[{"name":"wp","href":"https:\/\/api.w.org\/{rel}","templated":true}]}}