{"id":18603,"date":"2014-03-07T10:57:09","date_gmt":"2014-03-07T15:57:09","guid":{"rendered":"http:\/\/www.ambiente.gob.ec\/?p=18603"},"modified":"2014-03-07T10:57:09","modified_gmt":"2014-03-07T15:57:09","slug":"estudiantes-de-chimborazo-participaron-en-jornada-de-limpieza-junto-al-mae","status":"publish","type":"post","link":"https:\/\/www.ambienteyenergia.gob.ec\/ambiente\/estudiantes-de-chimborazo-participaron-en-jornada-de-limpieza-junto-al-mae\/","title":{"rendered":"Estudiantes de Chimborazo participaron en jornada de limpieza junto al MAE"},"content":{"rendered":"<p style=\"text-align: justify;\">En el marco del Plan Nacional de Educaci\u00f3n Ambiental, el Ministerio del Ambiente del Ecuador (MAE), en coordinaci\u00f3n con j\u00f3venes del Servicio Civil Ciudadano, realiza continuamente charlas ambientales dirigidas a 280 ni\u00f1as y ni\u00f1os de varios establecimientos de educaci\u00f3n b\u00e1sica, en las zonas rurales y urbanas de la provincia de Chimborazo. El objetivo de esta iniciativa es que a trav\u00e9s diferentes actividades l\u00fadicas los estudiantes aprendan sobre la importancia de conservar los recursos naturales.<\/p>\n<p style=\"text-align: justify;\">Como parte de estos talleres te\u00f3rico-pr\u00e1cticos que lleva a cabo la Direcci\u00f3n Provincial del Ambiente de Chimborazo, la semana pasada, se efectu\u00f3 una evaluaci\u00f3n de las \u00e1reas verdes afectadas por problemas de contaminaci\u00f3n en la provincia y en este proceso se determin\u00f3 que el parque 21 de Abril (Loma de Quito), de la ciudad de Riobamba, se encontraba lleno de basura y escombros. Por esta raz\u00f3n, los participantes del proyecto decidieron intervenir el lugar y recolectar la mayor cantidad de desechos.<\/p>\n<p style=\"text-align: justify;\">Para ello, se proporcion\u00f3 a los estudiantes equipos de protecci\u00f3n (guantes) y herramientas como palas, rastrillos y saquillos, para facilitar el trabajo. Al finalizar la jornada de limpieza, los j\u00f3venes recolectaron cinco sacos de desechos de todo tipo, que afectaban la imagen urbana de este espacio verde.<\/p>\n<p style=\"text-align: justify;\">Uno de los prop\u00f3sitos de esta actividad educativa es que los ni\u00f1os desde temprana edad aprendan sobre el adecuado manejo de residuos s\u00f3lidos y c\u00f3mo con acciones cotidianas como no botar basura, se puede colaborar en la protecci\u00f3n de la naturaleza.<\/p>\n<p style=\"text-align: justify;\">La participaci\u00f3n ciudadana es importante en este proceso social, por ello, el MAE continuar\u00e1 trabajando desde diferentes sectores para concienciar a la ciudadan\u00eda.<\/p>\n","protected":false},"excerpt":{"rendered":"<p class=\"excerpt\">En el marco del Plan Nacional de Educaci\u00f3n Ambiental, el Ministerio del Ambiente del Ecuador (MAE), en coordinaci\u00f3n con j\u00f3venes del Servicio Civil Ciudadano, realiza continuamente charlas ambientales dirigidas a 280 ni\u00f1as y ni\u00f1os de varios establecimientos de educaci\u00f3n b\u00e1sica, en las zonas rurales y urbanas de la provincia de Chimborazo. El objetivo de esta iniciativa es que a trav\u00e9s&hellip; <a href=\"https:\/\/www.ambienteyenergia.gob.ec\/ambiente\/estudiantes-de-chimborazo-participaron-en-jornada-de-limpieza-junto-al-mae\/\">Read more &rarr;<\/a><\/p>\n","protected":false},"author":13,"featured_media":18604,"comment_status":"open","ping_status":"open","sticky":false,"template":"","format":"standard","meta":{"footnotes":""},"categories":[16,4],"tags":[],"class_list":["post-18603","post","type-post","status-publish","format-standard","has-post-thumbnail","hentry","category-comunicamos","category-noticias","xfolkentry"],"_links":{"self":[{"href":"https:\/\/www.ambienteyenergia.gob.ec\/ambiente\/wp-json\/wp\/v2\/posts\/18603","targetHints":{"allow":["GET"]}}],"collection":[{"href":"https:\/\/www.ambienteyenergia.gob.ec\/ambiente\/wp-json\/wp\/v2\/posts"}],"about":[{"href":"https:\/\/www.ambienteyenergia.gob.ec\/ambiente\/wp-json\/wp\/v2\/types\/post"}],"author":[{"embeddable":true,"href":"https:\/\/www.ambienteyenergia.gob.ec\/ambiente\/wp-json\/wp\/v2\/users\/13"}],"replies":[{"embeddable":true,"href":"https:\/\/www.ambienteyenergia.gob.ec\/ambiente\/wp-json\/wp\/v2\/comments?post=18603"}],"version-history":[{"count":0,"href":"https:\/\/www.ambienteyenergia.gob.ec\/ambiente\/wp-json\/wp\/v2\/posts\/18603\/revisions"}],"wp:featuredmedia":[{"embeddable":true,"href":"https:\/\/www.ambienteyenergia.gob.ec\/ambiente\/wp-json\/wp\/v2\/media\/18604"}],"wp:attachment":[{"href":"https:\/\/www.ambienteyenergia.gob.ec\/ambiente\/wp-json\/wp\/v2\/media?parent=18603"}],"wp:term":[{"taxonomy":"category","embeddable":true,"href":"https:\/\/www.ambienteyenergia.gob.ec\/ambiente\/wp-json\/wp\/v2\/categories?post=18603"},{"taxonomy":"post_tag","embeddable":true,"href":"https:\/\/www.ambienteyenergia.gob.ec\/ambiente\/wp-json\/wp\/v2\/tags?post=18603"}],"curies":[{"name":"wp","href":"https:\/\/api.w.org\/{rel}","templated":true}]}}