{"id":18594,"date":"2014-03-06T16:59:02","date_gmt":"2014-03-06T21:59:02","guid":{"rendered":"http:\/\/www.ambiente.gob.ec\/?p=18594"},"modified":"2014-03-07T08:06:06","modified_gmt":"2014-03-07T13:06:06","slug":"bosque-protector-colonso-fue-declarado-reserva-biologica-y-formara-parte-del-sistema-nacional-de-areas-protegidas","status":"publish","type":"post","link":"https:\/\/www.ambienteyenergia.gob.ec\/ambiente\/bosque-protector-colonso-fue-declarado-reserva-biologica-y-formara-parte-del-sistema-nacional-de-areas-protegidas\/","title":{"rendered":"Bosque Protector Colonso fue declarado Reserva Biol\u00f3gica y formar\u00e1 parte del Sistema Nacional de \u00c1reas Protegidas"},"content":{"rendered":"<p style=\"text-align: justify;\">El Bosque Protector\u00a0 \u00abCuenca de los r\u00edos Colonso, Tena, Shiti e Inchillaqui\u00bb, ubicado en la provincia de Napo, tiene una importancia trascendental debido a que es la principal fuente de abastecimiento de agua, tanto para la ciudad de Tena como de Archidona. Por esta raz\u00f3n, el Ministerio del Ambiente (MAE), a trav\u00e9s del Acuerdo Ministerial No 011, lo declar\u00f3 como Reserva Biol\u00f3gica \u00abColonso &#8211; Chalupas\u00bb, formando parte del Patrimonio de \u00c1reas Naturales del Estado, con una superficie de 93 246 hect\u00e1reas. La declaratoria tiene como principal objetivo asegurar la protecci\u00f3n de los ecosistemas naturales, y la fijaci\u00f3n y almacenamiento de CO\u2082 de la reserva.<\/p>\n<p style=\"text-align: justify;\">Tras la visita del Presidente de la Rep\u00fablica del Ecuador, Rafael Correa, al Bosque Protector Colonso, el a\u00f1o pasado, se realizaron varios compromisos para la conservaci\u00f3n de esta reserva, por ser un \u00e1rea natural que servir\u00e1 como un espacio de investigaci\u00f3n y desarrollo cient\u00edfico para la futura Universidad Amaz\u00f3nica Ikiam.<\/p>\n<p style=\"text-align: justify;\">El Bosque Protector Colonso pas\u00f3 a ser un \u00e1rea protegida por su importancia en temas de investigaci\u00f3n cient\u00edfica y por la gran diversidad que \u00e9ste posee. Al convertirse en \u00e1rea protegida, le corresponde a esta Cartera de Estado la determinaci\u00f3n y delimitaci\u00f3n de la superficie que forma este patrimonio.<\/p>\n<p style=\"text-align: justify;\">Seg\u00fan el Art. 2 del documento oficial, \u00abla administraci\u00f3n y manejo de la Reserva Biol\u00f3gica \u00abColonso &#8211; Chalupas\u00bb, es de competencia del Ministerio del Ambiente a trav\u00e9s de la Subsecretar\u00eda de Patrimonio Natural, Direcci\u00f3n Nacional de Biodiversidad y la Direcci\u00f3n Provincial de Napo, cuyos roles ser\u00e1n definidos en el Plan de Manejo del \u00c1rea\u00bb<\/p>\n<p style=\"text-align: justify;\">Asimismo, el Art. 3 menciona que \u00abpara los fines de conservaci\u00f3n de esta Reserva Biol\u00f3gica, se deber\u00e1 elaborar el respectivo Plan de Manejo, que contendr\u00e1 los estudios b\u00e1sicos y dem\u00e1s estrategias y programas necesarios e indispensables para la conservaci\u00f3n y uso sustentable de los recursos que existen en el \u00e1rea, incluyendo el financiamiento requerido, el cual ser\u00e1 implementado como una sola Unidad de Administraci\u00f3n\u00bb<\/p>\n<p style=\"text-align: justify;\">Cabe recalcar, que el plazo para la elaboraci\u00f3n y presentaci\u00f3n del Plan de Manejo y su financiamiento ser\u00e1 de 180 d\u00edas, contados a partir de la suscripci\u00f3n del presente Acuerdo, debiendo ser elaborado en coordinaci\u00f3n con todos los actores sociales, p\u00fablicos y privados.<\/p>\n<p style=\"text-align: justify;\">Finalmente, el Art. 4 se\u00f1ala que \u00aba partir de la suscripci\u00f3n del presente Acuerdo, el \u00e1rea de la Reserva Biol\u00f3gica \u00abColonso &#8211; Chalupas\u00bb queda incorporada al Sistema Nacional de \u00c1reas Protegidas del Ecuador, por lo tanto esta \u00e1rea no podr\u00e1 ser considerada como parte del patrimonio de la Subsecretar\u00eda de Tierras y Reforma Agraria (Ex INDA) y quedan prohibidas todas aquellas actividades que no sean compatibles con los fines que persigue el \u00e1rea declarada.<\/p>\n<p style=\"text-align: justify;\">Las \u00e1reas excluidas de la presente declaratoria pertenecientes al Bosque Protector, seguir\u00e1n manteniendo la misma categor\u00eda y por lo tanto se manejar\u00e1n de acuerdo a las normas t\u00e9cnicas y legales que rigen a estos patrimonios.<\/p>\n<p style=\"text-align: justify;\"><strong>\u00bfEn qu\u00e9 consiste la declaraci\u00f3n de \u00e1rea protegida?<\/strong><\/p>\n<p style=\"text-align: justify;\">La categor\u00eda de \u00e1rea protegida se otorga al conjunto de \u00e1reas silvestres que se destacan por su valor protector, cient\u00edfico, esc\u00e9nico, educacional, tur\u00edstico y recreacional, por su flora y fauna, o porque constituyen ecosistemas que contribuyen a mantener el equilibrio del medio ambiente.<\/p>\n<p style=\"text-align: justify;\">Para declarar un \u00e1rea protegida como tal, primero se debe realizar un Estudio de Alternativas de Manejo, en el que se justificar\u00e1 el cambio de categor\u00eda de bosque protector a \u00e1rea protegida. Para ello, se realizar\u00e1 un diagn\u00f3stico de ecosistemas, flora y fauna; se analizar\u00e1 los factores socioecon\u00f3micos y culturales de la zona, se efectuar\u00e1n estudios de tenencia de tierra, cartograf\u00eda y superficie; se verificar\u00e1 la existencia de concesiones mineras o de hidrocarburos; y se establecer\u00e1 la posible categor\u00eda de manejo de acuerdo a su valoraci\u00f3n y cumplimiento de requisitos t\u00e9cnicos y legales.<\/p>\n","protected":false},"excerpt":{"rendered":"<p class=\"excerpt\">El Bosque Protector\u00a0 \u00abCuenca de los r\u00edos Colonso, Tena, Shiti e Inchillaqui\u00bb, ubicado en la provincia de Napo, tiene una importancia trascendental debido a que es la principal fuente de abastecimiento de agua, tanto para la ciudad de Tena como de Archidona. Por esta raz\u00f3n, el Ministerio del Ambiente (MAE), a trav\u00e9s del Acuerdo Ministerial No 011, lo declar\u00f3 como&hellip; <a href=\"https:\/\/www.ambienteyenergia.gob.ec\/ambiente\/bosque-protector-colonso-fue-declarado-reserva-biologica-y-formara-parte-del-sistema-nacional-de-areas-protegidas\/\">Read more &rarr;<\/a><\/p>\n","protected":false},"author":13,"featured_media":18595,"comment_status":"open","ping_status":"open","sticky":false,"template":"","format":"standard","meta":{"footnotes":""},"categories":[16,4],"tags":[],"class_list":["post-18594","post","type-post","status-publish","format-standard","has-post-thumbnail","hentry","category-comunicamos","category-noticias","xfolkentry"],"_links":{"self":[{"href":"https:\/\/www.ambienteyenergia.gob.ec\/ambiente\/wp-json\/wp\/v2\/posts\/18594","targetHints":{"allow":["GET"]}}],"collection":[{"href":"https:\/\/www.ambienteyenergia.gob.ec\/ambiente\/wp-json\/wp\/v2\/posts"}],"about":[{"href":"https:\/\/www.ambienteyenergia.gob.ec\/ambiente\/wp-json\/wp\/v2\/types\/post"}],"author":[{"embeddable":true,"href":"https:\/\/www.ambienteyenergia.gob.ec\/ambiente\/wp-json\/wp\/v2\/users\/13"}],"replies":[{"embeddable":true,"href":"https:\/\/www.ambienteyenergia.gob.ec\/ambiente\/wp-json\/wp\/v2\/comments?post=18594"}],"version-history":[{"count":0,"href":"https:\/\/www.ambienteyenergia.gob.ec\/ambiente\/wp-json\/wp\/v2\/posts\/18594\/revisions"}],"wp:featuredmedia":[{"embeddable":true,"href":"https:\/\/www.ambienteyenergia.gob.ec\/ambiente\/wp-json\/wp\/v2\/media\/18595"}],"wp:attachment":[{"href":"https:\/\/www.ambienteyenergia.gob.ec\/ambiente\/wp-json\/wp\/v2\/media?parent=18594"}],"wp:term":[{"taxonomy":"category","embeddable":true,"href":"https:\/\/www.ambienteyenergia.gob.ec\/ambiente\/wp-json\/wp\/v2\/categories?post=18594"},{"taxonomy":"post_tag","embeddable":true,"href":"https:\/\/www.ambienteyenergia.gob.ec\/ambiente\/wp-json\/wp\/v2\/tags?post=18594"}],"curies":[{"name":"wp","href":"https:\/\/api.w.org\/{rel}","templated":true}]}}