{"id":18587,"date":"2014-03-06T15:30:15","date_gmt":"2014-03-06T20:30:15","guid":{"rendered":"http:\/\/www.ambiente.gob.ec\/?p=18587"},"modified":"2014-03-06T15:30:15","modified_gmt":"2014-03-06T20:30:15","slug":"proximo-directorio-de-la-red-iberoamericana-de-bosques-modelo-sera-en-ecuador","status":"publish","type":"post","link":"https:\/\/www.ambienteyenergia.gob.ec\/ambiente\/proximo-directorio-de-la-red-iberoamericana-de-bosques-modelo-sera-en-ecuador\/","title":{"rendered":"Pr\u00f3ximo Directorio de la Red Iberoamericana de Bosques Modelo ser\u00e1 en Ecuador"},"content":{"rendered":"<p style=\"text-align: justify;\">Desde el 2013, el Ecuador es miembro de la Red Iberoamericana de Bosques Modelo (RIABM), a trav\u00e9s de la gesti\u00f3n de una delegaci\u00f3n de pa\u00eds conformada por representantes del Ministerio del Ambiente del Ecuador (MAE) y de la Corporaci\u00f3n Nacional de Bosques y Reservas Privadas del Ecuador (CNBRPE), con el apoyo del Proyecto de Sostenibilidad Financiera para el Sistema Nacional de \u00c1reas Protegidas. En una sesi\u00f3n anterior del Directorio se concert\u00f3 que la pr\u00f3xima reuni\u00f3n se realizar\u00e1 en Ecuador en marzo del 2014.<\/p>\n<p style=\"text-align: justify;\">En el marco de este acuerdo, \u00a0se ejecutar\u00e1 el encuentro en el Nodo Noroccidente de Pichincha, durante la semana del 17 al 22 de marzo, que contar\u00e1 adem\u00e1s con una gira de campo y un taller sobre \u201c<i>La construcci\u00f3n de la sostenibilidad para la gesti\u00f3n territorial:<\/i> <i>Experiencia de los Bosques Modelo en tiempos de cambio clim\u00e1tico\u00bb.<\/i><\/p>\n<p style=\"text-align: justify;\">Durante este evento, los representantes de Bosques Modelo de Costa Rica, Argentina, Bolivia, Chile, Paraguay, Brasil, Rep\u00fablica Dominicana, Puerto Rico, Colombia, Per\u00fa, Guatemala, Honduras, Italia, Espa\u00f1a, Canad\u00e1, entre otros; \u00a0compartir\u00e1n sus experiencias en diversos temas, tales como:<\/p>\n<ul style=\"text-align: justify;\">\n<li>Estrategias de gobernanza territorial;<\/li>\n<li>Estrategias de integraci\u00f3n de fuentes de recursos;<\/li>\n<li>\u00a0Alianzas p\u00fablico \u2013 privadas;<\/li>\n<li>Gesti\u00f3n de la informaci\u00f3n para enfrentar el cambio clim\u00e1tico;<\/li>\n<li>Preparaci\u00f3n local para las estrategias REDD;<\/li>\n<li>Estrategias para el desarrollo e implementaci\u00f3n de incentivos y PSA;<\/li>\n<li>Estrategias de seguridad alimentaria;<\/li>\n<li>\u00a0Mitigaci\u00f3n al cambio clim\u00e1tico;<\/li>\n<li>Promoci\u00f3n del manejo forestal sostenible<\/li>\n<\/ul>\n<p style=\"text-align: justify;\">La RIABM enlaza territorios donde se impulsan iniciativas para el buen manejo de los bosques y recursos naturales y es una alianza voluntaria entre Bosques Modelo, respaldados por representaciones gubernamentales de cada pa\u00eds miembro.<\/p>\n<p style=\"text-align: justify;\">Esta es la primera organizaci\u00f3n regional y voluntaria que agrupa a 14 pa\u00edses de Am\u00e9rica Central, Am\u00e9rica del Sur, el Caribe y Espa\u00f1a para gestionar el conocimiento e intercambio de experiencias de los Bosques Modelo en Iberoam\u00e9rica.<\/p>\n<p style=\"text-align: justify;\">Adem\u00e1s, la RIABM es una de las seis redes regionales de la Red Internacional de Bosques Modelo junto con la Red Mediterr\u00e1nea, la Red Africana, la Red Asi\u00e1tica, la Red Circumboreal y la Red Canadiense de Bosques Modelo.<\/p>\n<p style=\"text-align: justify;\">Para mayor informaci\u00f3n cont\u00e1ctese con:<\/p>\n<p style=\"text-align: justify;\">Paola Guijarro: <a href=\"mailto:jenny.guijarro@ambiente.gob.ec\">jenny.guijarro@ambiente.gob.ec<\/a><\/p>\n<p style=\"text-align: justify;\">Inty Arcos: <a href=\"mailto:redbosques.nor@gmail.com\">redbosques.nor@gmail.com<\/a><\/p>\n<p style=\"text-align: justify;\"><a href=\"http:\/\/www.psfecuador.com\">www.psfecuador.com<\/a><\/p>\n<p style=\"text-align: justify;\">\u00a0<a href=\"http:\/\/www.ambienteyenergia.gob.ec\/ambiente\/wp-content\/uploads\/2014\/03\/IMG_2929.jpg\"><img loading=\"lazy\" decoding=\"async\" class=\"aligncenter size-full wp-image-18589\" alt=\"Pr\u00f3ximo Directorio de la Red Iberoamericana de Bosques Modelo ser\u00e1 en Ecuador\" src=\"http:\/\/www.ambienteyenergia.gob.ec\/ambiente\/wp-content\/uploads\/2014\/03\/IMG_2929.jpg\" width=\"650\" height=\"488\" srcset=\"https:\/\/www.ambienteyenergia.gob.ec\/ambiente\/wp-content\/uploads\/sites\/2\/2014\/03\/IMG_2929.jpg 650w, https:\/\/www.ambienteyenergia.gob.ec\/ambiente\/wp-content\/uploads\/sites\/2\/2014\/03\/IMG_2929-300x225.jpg 300w, https:\/\/www.ambienteyenergia.gob.ec\/ambiente\/wp-content\/uploads\/sites\/2\/2014\/03\/IMG_2929-399x300.jpg 399w\" sizes=\"auto, (max-width: 650px) 100vw, 650px\" \/><\/a><\/p>\n","protected":false},"excerpt":{"rendered":"<p class=\"excerpt\">Desde el 2013, el Ecuador es miembro de la Red Iberoamericana de Bosques Modelo (RIABM), a trav\u00e9s de la gesti\u00f3n de una delegaci\u00f3n de pa\u00eds conformada por representantes del Ministerio del Ambiente del Ecuador (MAE) y de la Corporaci\u00f3n Nacional de Bosques y Reservas Privadas del Ecuador (CNBRPE), con el apoyo del Proyecto de Sostenibilidad Financiera para el Sistema Nacional&hellip; <a href=\"https:\/\/www.ambienteyenergia.gob.ec\/ambiente\/proximo-directorio-de-la-red-iberoamericana-de-bosques-modelo-sera-en-ecuador\/\">Read more &rarr;<\/a><\/p>\n","protected":false},"author":13,"featured_media":18588,"comment_status":"open","ping_status":"open","sticky":false,"template":"","format":"standard","meta":{"footnotes":""},"categories":[16,4],"tags":[],"class_list":["post-18587","post","type-post","status-publish","format-standard","has-post-thumbnail","hentry","category-comunicamos","category-noticias","xfolkentry"],"_links":{"self":[{"href":"https:\/\/www.ambienteyenergia.gob.ec\/ambiente\/wp-json\/wp\/v2\/posts\/18587","targetHints":{"allow":["GET"]}}],"collection":[{"href":"https:\/\/www.ambienteyenergia.gob.ec\/ambiente\/wp-json\/wp\/v2\/posts"}],"about":[{"href":"https:\/\/www.ambienteyenergia.gob.ec\/ambiente\/wp-json\/wp\/v2\/types\/post"}],"author":[{"embeddable":true,"href":"https:\/\/www.ambienteyenergia.gob.ec\/ambiente\/wp-json\/wp\/v2\/users\/13"}],"replies":[{"embeddable":true,"href":"https:\/\/www.ambienteyenergia.gob.ec\/ambiente\/wp-json\/wp\/v2\/comments?post=18587"}],"version-history":[{"count":0,"href":"https:\/\/www.ambienteyenergia.gob.ec\/ambiente\/wp-json\/wp\/v2\/posts\/18587\/revisions"}],"wp:featuredmedia":[{"embeddable":true,"href":"https:\/\/www.ambienteyenergia.gob.ec\/ambiente\/wp-json\/wp\/v2\/media\/18588"}],"wp:attachment":[{"href":"https:\/\/www.ambienteyenergia.gob.ec\/ambiente\/wp-json\/wp\/v2\/media?parent=18587"}],"wp:term":[{"taxonomy":"category","embeddable":true,"href":"https:\/\/www.ambienteyenergia.gob.ec\/ambiente\/wp-json\/wp\/v2\/categories?post=18587"},{"taxonomy":"post_tag","embeddable":true,"href":"https:\/\/www.ambienteyenergia.gob.ec\/ambiente\/wp-json\/wp\/v2\/tags?post=18587"}],"curies":[{"name":"wp","href":"https:\/\/api.w.org\/{rel}","templated":true}]}}