{"id":18581,"date":"2014-03-06T14:48:42","date_gmt":"2014-03-06T19:48:42","guid":{"rendered":"http:\/\/www.ambiente.gob.ec\/?p=18581"},"modified":"2014-03-07T11:19:27","modified_gmt":"2014-03-07T16:19:27","slug":"1-millon-de-fundas-plasticas-se-dejaron-de-utilizar-gracias-a-campana-una-funda-por-el-planeta","status":"publish","type":"post","link":"https:\/\/www.ambienteyenergia.gob.ec\/ambiente\/1-millon-de-fundas-plasticas-se-dejaron-de-utilizar-gracias-a-campana-una-funda-por-el-planeta\/","title":{"rendered":"1 mill\u00f3n de fundas pl\u00e1sticas se dejaron de utilizar gracias a campa\u00f1a  &#8216;Una funda por el planeta&#8217;"},"content":{"rendered":"<p style=\"text-align: justify;\">Luego de seis meses de iniciada la campa\u00f1a \u00ab<b>Una funda por el planeta<\/b>\u00bb se dejaron de utilizar 1 mill\u00f3n de fundas lo cual dej\u00f3 USD 30 000 que se destinar\u00e1n para el cuidado de \u00e1reas protegidas priorizadas en el Ecuador. Los resultados se presentaron hoy en rueda de prensa presidida por la Ministra del Ambiente, Lorena Tapia, en conjunto con Corporaci\u00f3n La Favorita y The Nature Conservancy,\u00a0 instituciones que lideraron la campa\u00f1a que tuvo como objetivo disminuir el consumo de fundas pl\u00e1sticas e incentivar el uso de bolsos reusables y otras alternativas amigables con la naturaleza.<\/p>\n<p style=\"text-align: justify;\">Estos USD 30 000 ser\u00e1n repartidos en dos partes iguales para Ministerio del Ambiente y The Nature Concervancy para la conservaci\u00f3n.\u00a0En el caso particular del MAE,\u00a0 los recursos recaudados van a ser destinados a cuatro \u00e1reas protegidas priorizadas en funci\u00f3n de su nivel de visitas, en las que se implementar\u00e1 un sistema integral de residuos s\u00f3lidos. Entre ellas est\u00e1n la Reserva de Producci\u00f3n Faun\u00edstica Cuyabeno, Reserva Geobot\u00e1nica Pululahua, Reserva de Producci\u00f3n Faun\u00edstica Marino Costera Puntilla de Santa Elena y Parque Nacional Cotopaxi.<\/p>\n<p style=\"text-align: justify;\">La Ministra Lorena Tapia, en su intervenci\u00f3n, recalc\u00f3 que las alianzas entre el sector p\u00fablico y privado pueden dar resultados exitosos para beneficio de las y los ecuatorianos. Adem\u00e1s, record\u00f3 que esta campa\u00f1a tiene un fin de educaci\u00f3n ambiental que se quiere replicar y fortalecer en otros espacios. \u00abUna funda por el planeta\u00bb no solo gener\u00f3 un impacto num\u00e9rico, sino un cambio de comportamiento en los ciudadanos, promoviendo una cultura de reciclaje. Hablamos de 1 mill\u00f3n de fundas pl\u00e1sticas que se han dejado de utilizar\u00bb, asegur\u00f3.<\/p>\n<p style=\"text-align: justify;\">El Ministerio del Ambiente del Ecuador (MAE), a trav\u00e9s del Programa Nacional para la Gesti\u00f3n Integral de Desechos S\u00f3lidos (PNGIDS) y en coordinaci\u00f3n con Corporaci\u00f3n La favorita y The Nature Conservancy (TNC), con el objetivo de reducir el uso de fundas pl\u00e1sticas present\u00f3 en julio del a\u00f1o pasado la campa\u00f1a &#8216;Una funda por el Planeta&#8217;, como una iniciativa para potenciar y fortalecer los procesos de\u00a0 reciclaje y as\u00ed minimizar el impacto ambiental ocasionado por la gesti\u00f3n de residuos, recuperando material que puede ser reincorporado al ciclo econ\u00f3mico.<\/p>\n<p style=\"text-align: justify;\">Esta campa\u00f1a pretende ser mucho m\u00e1s ambiciosa, asever\u00f3 la Ministra Lorena Tapia. \u00abLo que queremos lograr, como Autoridad Ambiental, es eliminar de manera progresiva y definitiva las fundas pl\u00e1sticas en el pa\u00eds, con un sustento t\u00e9cnico y de forma participativa\u00bb. La M\u00e1xima Autoridad Ambiental invit\u00f3 a otros actores privados a replicar iniciativas como esta, y adem\u00e1s, agradeci\u00f3 y reconoci\u00f3 el esfuerzo, compromiso y entrega del personal de La Favorita, quienes se capacitaron en temas de conservaci\u00f3n.<\/p>\n<p style=\"text-align: justify;\">Galo Medina, representante de The Nature Conservancy en Ecuador, ratific\u00f3 que la misi\u00f3n de esta organizaci\u00f3n es conservar las tierras y las aguas de las cuales depende la vida. \u00abNosotros trabajamos alineados con las prioridades, pol\u00edticas y necesidades de todos los actores nacionales, en ese sentido, trabajamos en institucionalizar procesos en temas ambientales\u00bb. Adem\u00e1s, agreg\u00f3 que, en el caso espec\u00edfico de la Costa ecuatoriana, los recursos ser\u00e1n invertidos en apoyar el trabajo con gobiernos locales y comunidades en la conservaci\u00f3n del bosque seco de la Costa, asegurando la supervivencia de una especie emblem\u00e1tica en el pa\u00eds como lo es el jaguar.<\/p>\n<p style=\"text-align: justify;\">Por su parte, Rub\u00e9n Salazar, Gerente Corporativo de La Favorita, expres\u00f3 la satisfacci\u00f3n que siente al ser parte de esta iniciativa. \u00bb Esperamos que la ciudadan\u00eda, nuestros clientes y el p\u00fablico general participe y sean miembros activos en pro de conservar el ambiente\u00bb.<\/p>\n<p style=\"text-align: justify;\">Como parte de este trabajo integral se capacit\u00f3 a cerca de 8 000 colaboradores en temas de conservaci\u00f3n de la naturaleza. Este compromiso va de la mano con la meta planteada al inicio de la\u00a0 campa\u00f1a en la que se propuso colocar en el mercado 250 mil fundas reusables, recalc\u00f3 Salazar.<\/p>\n<p style=\"text-align: justify;\">Gracias al asesoramiento del MAE, La Favorita implement\u00f3 17 contenedores en diferentes locales del pa\u00eds, para que la gente deposite las fundas pl\u00e1sticas que ya no usan y as\u00ed aportar al proceso de reciclaje.<\/p>\n<p style=\"text-align: justify;\"><strong>Sobre la Campa\u00f1a Una Funda por el Planeta<\/strong><\/p>\n<ul>\n<li style=\"text-align: justify;\">Por cada bolsa reusable que el cliente reutiliza en sus compras (en los locales de Supermaxi y Megamaxi a nivel nacional), recibe una <i>\u201ceco-moneda\u201d<\/i> que representa el valor de no utilizar una funda pl\u00e1stica, que son 0,03 centavos de d\u00f3lar.<\/li>\n<li style=\"text-align: justify;\">Este valor es entregado por Corporaci\u00f3n La Favorita para la conservaci\u00f3n de las \u00e1reas protegidas, fondos de agua y especies en peligro de extinci\u00f3n del pa\u00eds.<\/li>\n<\/ul>\n<div id='gallery-1' class='gallery galleryid-18581 gallery-columns-3 gallery-size-thumbnail'><dl class='gallery-item'>\n\t\t\t<dt class='gallery-icon landscape'>\n\t\t\t\t<a href='https:\/\/www.ambienteyenergia.gob.ec\/ambiente\/1-millon-de-fundas-plasticas-se-dejaron-de-utilizar-gracias-a-campana-una-funda-por-el-planeta\/img_4572\/'><img loading=\"lazy\" decoding=\"async\" width=\"150\" height=\"150\" src=\"https:\/\/www.ambienteyenergia.gob.ec\/ambiente\/wp-content\/uploads\/sites\/2\/2014\/03\/IMG_4572-150x150.jpg\" class=\"attachment-thumbnail size-thumbnail\" alt=\"\" \/><\/a>\n\t\t\t<\/dt><\/dl><dl class='gallery-item'>\n\t\t\t<dt class='gallery-icon landscape'>\n\t\t\t\t<a href='https:\/\/www.ambienteyenergia.gob.ec\/ambiente\/1-millon-de-fundas-plasticas-se-dejaron-de-utilizar-gracias-a-campana-una-funda-por-el-planeta\/img_4669\/'><img loading=\"lazy\" decoding=\"async\" width=\"150\" height=\"150\" src=\"https:\/\/www.ambienteyenergia.gob.ec\/ambiente\/wp-content\/uploads\/sites\/2\/2014\/03\/IMG_4669-150x150.jpg\" class=\"attachment-thumbnail size-thumbnail\" alt=\"\" \/><\/a>\n\t\t\t<\/dt><\/dl><dl class='gallery-item'>\n\t\t\t<dt class='gallery-icon landscape'>\n\t\t\t\t<a href='https:\/\/www.ambienteyenergia.gob.ec\/ambiente\/1-millon-de-fundas-plasticas-se-dejaron-de-utilizar-gracias-a-campana-una-funda-por-el-planeta\/img_4672-2\/'><img loading=\"lazy\" decoding=\"async\" width=\"150\" height=\"150\" src=\"https:\/\/www.ambienteyenergia.gob.ec\/ambiente\/wp-content\/uploads\/sites\/2\/2014\/03\/IMG_4672-150x150.jpg\" class=\"attachment-thumbnail size-thumbnail\" alt=\"\" \/><\/a>\n\t\t\t<\/dt><\/dl><br style=\"clear: both\" \/>\n\t\t<\/div>\n\n","protected":false},"excerpt":{"rendered":"<p class=\"excerpt\">Luego de seis meses de iniciada la campa\u00f1a \u00abUna funda por el planeta\u00bb se dejaron de utilizar 1 mill\u00f3n de fundas lo cual dej\u00f3 USD 30 000 que se destinar\u00e1n para el cuidado de \u00e1reas protegidas priorizadas en el Ecuador. Los resultados se presentaron hoy en rueda de prensa presidida por la Ministra del Ambiente, Lorena Tapia, en conjunto con&hellip; <a href=\"https:\/\/www.ambienteyenergia.gob.ec\/ambiente\/1-millon-de-fundas-plasticas-se-dejaron-de-utilizar-gracias-a-campana-una-funda-por-el-planeta\/\">Read more &rarr;<\/a><\/p>\n","protected":false},"author":13,"featured_media":18582,"comment_status":"open","ping_status":"open","sticky":false,"template":"","format":"standard","meta":{"footnotes":""},"categories":[16,4,10],"tags":[],"class_list":["post-18581","post","type-post","status-publish","format-standard","has-post-thumbnail","hentry","category-comunicamos","category-noticias","category-noticias-destacadas","xfolkentry"],"_links":{"self":[{"href":"https:\/\/www.ambienteyenergia.gob.ec\/ambiente\/wp-json\/wp\/v2\/posts\/18581","targetHints":{"allow":["GET"]}}],"collection":[{"href":"https:\/\/www.ambienteyenergia.gob.ec\/ambiente\/wp-json\/wp\/v2\/posts"}],"about":[{"href":"https:\/\/www.ambienteyenergia.gob.ec\/ambiente\/wp-json\/wp\/v2\/types\/post"}],"author":[{"embeddable":true,"href":"https:\/\/www.ambienteyenergia.gob.ec\/ambiente\/wp-json\/wp\/v2\/users\/13"}],"replies":[{"embeddable":true,"href":"https:\/\/www.ambienteyenergia.gob.ec\/ambiente\/wp-json\/wp\/v2\/comments?post=18581"}],"version-history":[{"count":0,"href":"https:\/\/www.ambienteyenergia.gob.ec\/ambiente\/wp-json\/wp\/v2\/posts\/18581\/revisions"}],"wp:featuredmedia":[{"embeddable":true,"href":"https:\/\/www.ambienteyenergia.gob.ec\/ambiente\/wp-json\/wp\/v2\/media\/18582"}],"wp:attachment":[{"href":"https:\/\/www.ambienteyenergia.gob.ec\/ambiente\/wp-json\/wp\/v2\/media?parent=18581"}],"wp:term":[{"taxonomy":"category","embeddable":true,"href":"https:\/\/www.ambienteyenergia.gob.ec\/ambiente\/wp-json\/wp\/v2\/categories?post=18581"},{"taxonomy":"post_tag","embeddable":true,"href":"https:\/\/www.ambienteyenergia.gob.ec\/ambiente\/wp-json\/wp\/v2\/tags?post=18581"}],"curies":[{"name":"wp","href":"https:\/\/api.w.org\/{rel}","templated":true}]}}