{"id":18577,"date":"2014-03-06T09:31:27","date_gmt":"2014-03-06T14:31:27","guid":{"rendered":"http:\/\/www.ambiente.gob.ec\/?p=18577"},"modified":"2014-03-07T09:47:33","modified_gmt":"2014-03-07T14:47:33","slug":"5-de-marzo-dia-mundial-de-la-eficiencia-energetica","status":"publish","type":"post","link":"https:\/\/www.ambienteyenergia.gob.ec\/ambiente\/5-de-marzo-dia-mundial-de-la-eficiencia-energetica\/","title":{"rendered":"5 de marzo, D\u00eda Mundial de la Eficiencia Energ\u00e9tica"},"content":{"rendered":"<p style=\"text-align: justify;\">Hoy, como cada 5 de marzo, se conmemora el D\u00eda Mundial de la Eficiencia Energ\u00e9tica, fecha en la que se pretende concienciar a la poblaci\u00f3n sobre el uso racional de energ\u00eda, utiliz\u00e1ndola de forma eficaz y promoviendo alternativas energ\u00e9ticas renovables. Este concepto surgi\u00f3 por primera vez en 1998, en la <i>\u201cPrimera Conferencia Internacional de Eficiencia Energ\u00e9tica\u201d, que se desarroll\u00f3 en Austria, como una medida frente a la posibilidad <\/i>de\u00a0 un agotamiento de las fuentes de energ\u00eda f\u00f3siles a corto plazo. En esta reuni\u00f3n participaron expertos y l\u00edderes de diferentes pa\u00edses, quienes discutieron las posibles soluciones para una futura crisis energ\u00e9tica y las pol\u00edticas que podr\u00edan aplicarse para contrarrestar el cambio clim\u00e1tico.<\/p>\n<p style=\"text-align: justify;\">Para que la eficiencia energ\u00e9tica sea asumida por los gobiernos, es necesario generar pol\u00edticas, que garanticen el control y la mejora en la energ\u00eda, a trav\u00e9s procesos de producci\u00f3n m\u00e1s limpios. Asimismo, es necesario educar a la poblaci\u00f3n generando un cambio de actitud sobre la importancia de cuidar este recurso.<\/p>\n<p style=\"text-align: justify;\">En ese sentido, el Ministerio del Ambiente del Ecuador (MAE), a trav\u00e9s de la Subsecretar\u00eda de Cambio Clim\u00e1tico, trabaja desde diferentes frentes como la promoci\u00f3n del uso racional de la energ\u00eda en el Ecuador, aplicada a oficinas y hogares; iniciativas de reducci\u00f3n de Gases de Efecto Invernadero (GEI); y la mitigaci\u00f3n del cambio clim\u00e1tico. Esto dentro del marco de transformaci\u00f3n de la matriz energ\u00e9tica del pa\u00eds, que busca establecer un equilibrio entre el crecimiento econ\u00f3mico y la conservaci\u00f3n del ambiente.<\/p>\n<p style=\"text-align: justify;\">Para ello, el MAE con el prop\u00f3sito de generar una responsabilidad ambiental y promover un consumo amigable con el ambiente present\u00f3 en el 2013, la \u201cGu\u00eda pr\u00e1ctica para el ahorro y uso eficiente de energ\u00eda\u201d, en la que se plantean tres objetivos: ahorrar energ\u00eda, utiliz\u00e1ndola de una manera consciente; hacer uso eficiente e inteligente, para conseguir m\u00e1s por menos; y usar energ\u00eda de fuentes renovables. A trav\u00e9s de la socializaci\u00f3n de esta herramienta se busca aportar a la reducci\u00f3n de la presi\u00f3n sobre los recursos naturales, colocando como actores principales a los ciudadanos.<\/p>\n<p style=\"text-align: justify;\">Asimismo, la M\u00e1xima Autoridad Ambiental ejecuta acciones de mitigaci\u00f3n NAMAs, por sus siglas en ingl\u00e9s, en las que se enfocan en dos puntos: el reemplazo del uso de Gas Licuado de Petr\u00f3leo (GLP) por electricidad (hidroelectricidad) en cocci\u00f3n, en la que se busca sustituir el GLP a partir de la introducci\u00f3n de cocinas el\u00e9ctricas a inducci\u00f3n; y la Optimizaci\u00f3n en la generaci\u00f3n el\u00e9ctrica y Eficiencia Energ\u00e9tica en campos de producci\u00f3n petrolera, en la que se pretende cambiar el diesel y petr\u00f3leo crudo por gas natural asociado e hidroelectricidad.<\/p>\n<p style=\"text-align: justify;\">Finalmente, esta Cartera de Estado en coordinaci\u00f3n con otras instituciones contribuir\u00e1 al control del uso de recursos y a la implementaci\u00f3n de tecnolog\u00edas para la producci\u00f3n eficiente, a trav\u00e9s de la Certificaci\u00f3n Carbono Neutral, que es un instrumento para la contabilizaci\u00f3n, reducci\u00f3n y compensaci\u00f3n de emisiones de gases de efecto invernadero generadas por el sector p\u00fablico y privado. Actualmente, se emite un acuerdo Ministerial que posiciona al MAE como la autoridad m\u00e1xima de Carbono Neutralidad. Se tiene previsto que \u00e9sta certificaci\u00f3n sea publicada y socializada en abril de este a\u00f1o.<\/p>\n<p style=\"text-align: justify;\">De este modo, se logra establecer el v\u00ednculo entre el sector productivo, la mitigaci\u00f3n del cambio clim\u00e1tico y la conservaci\u00f3n del patrimonio natural.<\/p>\n<p style=\"text-align: justify;\"><strong>Tips para el ahorro del recurso energ\u00e9tico\u00a0<\/strong><\/p>\n<p style=\"text-align: justify;\">Con peque\u00f1os cambios en actitudes y h\u00e1bitos se puede garantizar la protecci\u00f3n del ambiente y reducir el consumo, lo importante es ponerlos en pr\u00e1ctica. Por eso, el MAE a trav\u00e9s del Proyecto Identificaci\u00f3n, C\u00e1lculo y Mitigaci\u00f3n de la Huella Ecol\u00f3gica del Sector P\u00fablico y Productivo del Ecuador presenta algunos consejos para el ahorro del recurso energ\u00e9tico:<\/p>\n<p style=\"text-align: justify;\"><strong>Iluminaci\u00f3n<\/strong><\/p>\n<ul style=\"text-align: justify;\">\n<li>Aprovecha la luz natural en tu oficina y tu hogar y evita el uso innecesario de luz ornamental en exteriores y jardines.<\/li>\n<li>Apaga las luces al desocupar aulas, oficinas y ba\u00f1os.<\/li>\n<li>Instala sensores de movimiento en \u00e1reas comunales, para que las luces se mantengan apagadas cuando no transiten personas.<\/li>\n<li>Sustituye luces incandescentes por bombillos de bajo consumo o l\u00e1mparas fluorescentes.<\/li>\n<\/ul>\n<p style=\"text-align: justify;\"><strong>Equipos el\u00e9ctricos y electr\u00f3nicos<\/strong><\/p>\n<ul style=\"text-align: justify;\">\n<li>Programa los ordenadores en modo de ahorro de energ\u00eda.<\/li>\n<li>Apaga computadores, impresoras y esc\u00e1neres cuando no los utilices.<\/li>\n<li>Apaga el monitor si no lo utilizas por largos periodos y evita el uso de protectores de pantalla, pues consumen energ\u00eda.<\/li>\n<li>+De ser posible, adquiere electrodom\u00e9sticos que tengan el sello EnergyStar, pues ayudan a ahorrar energ\u00eda considerablemente.<\/li>\n<li>Desconecta equipos el\u00e9ctricos que no utilices.<\/li>\n<\/ul>\n<p style=\"text-align: justify;\"><strong>Transporte<\/strong><\/p>\n<ul style=\"text-align: justify;\">\n<li>Procura utilizar transporte p\u00fablico o considera la opci\u00f3n de compartir tu veh\u00edculo con m\u00e1s personas, de esta forma se obtendr\u00e1 un ahorro y se reducir\u00e1 la congesti\u00f3n vehicular.<\/li>\n<\/ul>\n<ul style=\"text-align: justify;\">\n<li>Camina o utiliza bicicleta para desplazarte en distancias cortas.<\/li>\n<\/ul>\n<p><strong>Para descargar la Gu\u00eda pr\u00e1ctica para el ahorro y uso eficiente de energ\u00eda haga click <a href=\"http:\/\/www.ambienteyenergia.gob.ec\/ambiente\/wp-content\/uploads\/downloads\/2014\/03\/GUIA-PRACTICA-PARA-EL-AHORRO-Y-USO-EFICIENTE-DE-ENERGIA-22NovBAJAa.pdf\">aqu\u00ed.<\/a><\/strong><\/p>\n<p style=\"text-align: justify;\"><a href=\"http:\/\/www.ambienteyenergia.gob.ec\/ambiente\/wp-content\/uploads\/2014\/03\/eficiencia-energetica.jpg\"><img loading=\"lazy\" decoding=\"async\" class=\"aligncenter size-full wp-image-18578\" alt=\"eficiencia-energetica\" src=\"http:\/\/www.ambienteyenergia.gob.ec\/ambiente\/wp-content\/uploads\/2014\/03\/eficiencia-energetica.jpg\" width=\"843\" height=\"403\" srcset=\"https:\/\/www.ambienteyenergia.gob.ec\/ambiente\/wp-content\/uploads\/sites\/2\/2014\/03\/eficiencia-energetica.jpg 843w, https:\/\/www.ambienteyenergia.gob.ec\/ambiente\/wp-content\/uploads\/sites\/2\/2014\/03\/eficiencia-energetica-300x143.jpg 300w, https:\/\/www.ambienteyenergia.gob.ec\/ambiente\/wp-content\/uploads\/sites\/2\/2014\/03\/eficiencia-energetica-500x239.jpg 500w\" sizes=\"auto, (max-width: 843px) 100vw, 843px\" \/><\/a><\/p>\n<p style=\"text-align: justify;\">\n","protected":false},"excerpt":{"rendered":"<p class=\"excerpt\">Hoy, como cada 5 de marzo, se conmemora el D\u00eda Mundial de la Eficiencia Energ\u00e9tica, fecha en la que se pretende concienciar a la poblaci\u00f3n sobre el uso racional de energ\u00eda, utiliz\u00e1ndola de forma eficaz y promoviendo alternativas energ\u00e9ticas renovables. Este concepto surgi\u00f3 por primera vez en 1998, en la \u201cPrimera Conferencia Internacional de Eficiencia Energ\u00e9tica\u201d, que se desarroll\u00f3 en&hellip; <a href=\"https:\/\/www.ambienteyenergia.gob.ec\/ambiente\/5-de-marzo-dia-mundial-de-la-eficiencia-energetica\/\">Read more &rarr;<\/a><\/p>\n","protected":false},"author":13,"featured_media":18579,"comment_status":"open","ping_status":"open","sticky":false,"template":"","format":"standard","meta":{"footnotes":""},"categories":[16,4],"tags":[],"class_list":["post-18577","post","type-post","status-publish","format-standard","has-post-thumbnail","hentry","category-comunicamos","category-noticias","xfolkentry"],"_links":{"self":[{"href":"https:\/\/www.ambienteyenergia.gob.ec\/ambiente\/wp-json\/wp\/v2\/posts\/18577","targetHints":{"allow":["GET"]}}],"collection":[{"href":"https:\/\/www.ambienteyenergia.gob.ec\/ambiente\/wp-json\/wp\/v2\/posts"}],"about":[{"href":"https:\/\/www.ambienteyenergia.gob.ec\/ambiente\/wp-json\/wp\/v2\/types\/post"}],"author":[{"embeddable":true,"href":"https:\/\/www.ambienteyenergia.gob.ec\/ambiente\/wp-json\/wp\/v2\/users\/13"}],"replies":[{"embeddable":true,"href":"https:\/\/www.ambienteyenergia.gob.ec\/ambiente\/wp-json\/wp\/v2\/comments?post=18577"}],"version-history":[{"count":0,"href":"https:\/\/www.ambienteyenergia.gob.ec\/ambiente\/wp-json\/wp\/v2\/posts\/18577\/revisions"}],"wp:featuredmedia":[{"embeddable":true,"href":"https:\/\/www.ambienteyenergia.gob.ec\/ambiente\/wp-json\/wp\/v2\/media\/18579"}],"wp:attachment":[{"href":"https:\/\/www.ambienteyenergia.gob.ec\/ambiente\/wp-json\/wp\/v2\/media?parent=18577"}],"wp:term":[{"taxonomy":"category","embeddable":true,"href":"https:\/\/www.ambienteyenergia.gob.ec\/ambiente\/wp-json\/wp\/v2\/categories?post=18577"},{"taxonomy":"post_tag","embeddable":true,"href":"https:\/\/www.ambienteyenergia.gob.ec\/ambiente\/wp-json\/wp\/v2\/tags?post=18577"}],"curies":[{"name":"wp","href":"https:\/\/api.w.org\/{rel}","templated":true}]}}