{"id":18574,"date":"2014-03-05T16:55:02","date_gmt":"2014-03-05T21:55:02","guid":{"rendered":"http:\/\/www.ambiente.gob.ec\/?p=18574"},"modified":"2014-03-05T16:55:02","modified_gmt":"2014-03-05T21:55:02","slug":"mae-pastaza-libera-un-oso-perezoso","status":"publish","type":"post","link":"https:\/\/www.ambienteyenergia.gob.ec\/ambiente\/mae-pastaza-libera-un-oso-perezoso\/","title":{"rendered":"MAE Pastaza Libera un Oso Perezoso"},"content":{"rendered":"<p style=\"text-align: justify;\">El pasado 25 de febrero, se liber\u00f3 un oso perezoso en la zona de amortiguamiento del Parque Nacional Llanganates, se encontraba cruzando la v\u00eda F\u00e1tima &#8211; Santa Clara cuando fue socorrido por transe\u00fantes del sector, el mam\u00edfero estaba lastimado y lo trasladaron al Centro de Manejo de Vida Silvestre refugi\u00f3 Tarqui, donde estuvo en observaci\u00f3n, para posteriormente ser liberado en la provincia de Pastaza.<\/p>\n<p style=\"text-align: justify;\">La prioridad de esta Cartera de Estado es liberar a todos los animales rescatados, no siempre es posible, pero se busca que la mayor\u00eda de los espec\u00edmenes que se encuentran en recuperaci\u00f3n se mantengan fuera de todo tipo de exhibici\u00f3n y contacto humano, para que no se hagan dependientes, ni pierdan su libertad.<\/p>\n<p style=\"text-align: justify;\">El MAE se enfoca en la conservaci\u00f3n de los recursos naturales y la preservaci\u00f3n de los ecosistemas, dentro de los cuales habitan especies de vida silvestre.<\/p>\n<p style=\"text-align: justify;\"><strong>Datos<\/strong><\/p>\n<ul style=\"text-align: justify;\">\n<li>Los perezosos son animales herb\u00edvoros adaptados a la locomoci\u00f3n arbor\u00edcola.<\/li>\n<li>Son solitarios y muy longevos, se desplazan de una manera lenta abraz\u00e1ndose a una rama y colg\u00e1ndose boca abajo.<\/li>\n<li>Su cuerpo mide aproximadamente 40 a 75 cm y la cola de 3.8 cm y pesa en entre 2.3 y 5.5 Kg. Consume hojas hasta de 96 especies de \u00e1rboles diferentes.<\/li>\n<\/ul>\n<p style=\"text-align: justify;\">\n","protected":false},"excerpt":{"rendered":"<p class=\"excerpt\">El pasado 25 de febrero, se liber\u00f3 un oso perezoso en la zona de amortiguamiento del Parque Nacional Llanganates, se encontraba cruzando la v\u00eda F\u00e1tima &#8211; Santa Clara cuando fue socorrido por transe\u00fantes del sector, el mam\u00edfero estaba lastimado y lo trasladaron al Centro de Manejo de Vida Silvestre refugi\u00f3 Tarqui, donde estuvo en observaci\u00f3n, para posteriormente ser liberado en&hellip; <a href=\"https:\/\/www.ambienteyenergia.gob.ec\/ambiente\/mae-pastaza-libera-un-oso-perezoso\/\">Read more &rarr;<\/a><\/p>\n","protected":false},"author":13,"featured_media":18575,"comment_status":"open","ping_status":"open","sticky":false,"template":"","format":"standard","meta":{"footnotes":""},"categories":[16,4],"tags":[],"class_list":["post-18574","post","type-post","status-publish","format-standard","has-post-thumbnail","hentry","category-comunicamos","category-noticias","xfolkentry"],"_links":{"self":[{"href":"https:\/\/www.ambienteyenergia.gob.ec\/ambiente\/wp-json\/wp\/v2\/posts\/18574","targetHints":{"allow":["GET"]}}],"collection":[{"href":"https:\/\/www.ambienteyenergia.gob.ec\/ambiente\/wp-json\/wp\/v2\/posts"}],"about":[{"href":"https:\/\/www.ambienteyenergia.gob.ec\/ambiente\/wp-json\/wp\/v2\/types\/post"}],"author":[{"embeddable":true,"href":"https:\/\/www.ambienteyenergia.gob.ec\/ambiente\/wp-json\/wp\/v2\/users\/13"}],"replies":[{"embeddable":true,"href":"https:\/\/www.ambienteyenergia.gob.ec\/ambiente\/wp-json\/wp\/v2\/comments?post=18574"}],"version-history":[{"count":0,"href":"https:\/\/www.ambienteyenergia.gob.ec\/ambiente\/wp-json\/wp\/v2\/posts\/18574\/revisions"}],"wp:featuredmedia":[{"embeddable":true,"href":"https:\/\/www.ambienteyenergia.gob.ec\/ambiente\/wp-json\/wp\/v2\/media\/18575"}],"wp:attachment":[{"href":"https:\/\/www.ambienteyenergia.gob.ec\/ambiente\/wp-json\/wp\/v2\/media?parent=18574"}],"wp:term":[{"taxonomy":"category","embeddable":true,"href":"https:\/\/www.ambienteyenergia.gob.ec\/ambiente\/wp-json\/wp\/v2\/categories?post=18574"},{"taxonomy":"post_tag","embeddable":true,"href":"https:\/\/www.ambienteyenergia.gob.ec\/ambiente\/wp-json\/wp\/v2\/tags?post=18574"}],"curies":[{"name":"wp","href":"https:\/\/api.w.org\/{rel}","templated":true}]}}