{"id":18571,"date":"2014-03-05T16:53:07","date_gmt":"2014-03-05T21:53:07","guid":{"rendered":"http:\/\/www.ambiente.gob.ec\/?p=18571"},"modified":"2014-03-05T16:53:07","modified_gmt":"2014-03-05T21:53:07","slug":"mae-promueve-limpieza-de-playas-en-esmeraldas","status":"publish","type":"post","link":"https:\/\/www.ambienteyenergia.gob.ec\/ambiente\/mae-promueve-limpieza-de-playas-en-esmeraldas\/","title":{"rendered":"MAE promueve limpieza de playas en Esmeraldas"},"content":{"rendered":"<p style=\"text-align: justify;\">Durante el feriado de Carnaval el Ministerio del Ambiente del Ecuador (MAE), despleg\u00f3 un gran contingente de voluntarios a lo largo del perfil costero, con la finalidad de aportar al cuidado de las playas y crear conciencia en la poblaci\u00f3n acerca del manejo de los desechos generados. En la provincia de Esmeraldas durante el feriado se intervinieron siete balnearios en\u00a0 cuatro cantones y se movilizaron al rededor de 90 funcionarios.<\/p>\n<p style=\"text-align: justify;\">Narcisa C\u00e1rdenas Directora Provincial del Ambiente de Esmeraldas calific\u00f3 como un \u00e9xito la campa\u00f1a, destacando que ha tenido una masiva acogida de cientos de turistas y comunidades que se han sumado a la iniciativa.<\/p>\n<p style=\"text-align: justify;\">La campa\u00f1a Ecuador Limpio toma mayor fuerza en sitios tur\u00edsticos, en las \u00e1reas naturales protegidas y en los refugios de vida silvestre. En el balneario\u00a0 Las Palmas, en tres d\u00edas fueron recolectaron un total de 1081Kg, siendo este el mayor acopio de desechos durante el feriado de carnaval.<\/p>\n<p style=\"text-align: justify;\">Con el control de guardaparques, Polic\u00eda Nacional, Armada del Ecuador,\u00a0 Ministerio De Salud, GAD cantonales, log\u00edstica de embarcaciones motorizadas y veh\u00edculos, se garantiza que los visitantes tengan una grata experiencia.<\/p>\n<p style=\"text-align: justify;\">En el a\u00f1o 2013 se recolectaron 3352 Lbs, mientras que en el a\u00f1o 2014 se determinaron 2757, es evidente una considerable reducci\u00f3n de los desechos generados en las playas ecuatorianas.<\/p>\n<p style=\"text-align: justify;\">\n","protected":false},"excerpt":{"rendered":"<p class=\"excerpt\">Durante el feriado de Carnaval el Ministerio del Ambiente del Ecuador (MAE), despleg\u00f3 un gran contingente de voluntarios a lo largo del perfil costero, con la finalidad de aportar al cuidado de las playas y crear conciencia en la poblaci\u00f3n acerca del manejo de los desechos generados. En la provincia de Esmeraldas durante el feriado se intervinieron siete balnearios en\u00a0&hellip; <a href=\"https:\/\/www.ambienteyenergia.gob.ec\/ambiente\/mae-promueve-limpieza-de-playas-en-esmeraldas\/\">Read more &rarr;<\/a><\/p>\n","protected":false},"author":13,"featured_media":18572,"comment_status":"open","ping_status":"open","sticky":false,"template":"","format":"standard","meta":{"footnotes":""},"categories":[16,4],"tags":[],"class_list":["post-18571","post","type-post","status-publish","format-standard","has-post-thumbnail","hentry","category-comunicamos","category-noticias","xfolkentry"],"_links":{"self":[{"href":"https:\/\/www.ambienteyenergia.gob.ec\/ambiente\/wp-json\/wp\/v2\/posts\/18571","targetHints":{"allow":["GET"]}}],"collection":[{"href":"https:\/\/www.ambienteyenergia.gob.ec\/ambiente\/wp-json\/wp\/v2\/posts"}],"about":[{"href":"https:\/\/www.ambienteyenergia.gob.ec\/ambiente\/wp-json\/wp\/v2\/types\/post"}],"author":[{"embeddable":true,"href":"https:\/\/www.ambienteyenergia.gob.ec\/ambiente\/wp-json\/wp\/v2\/users\/13"}],"replies":[{"embeddable":true,"href":"https:\/\/www.ambienteyenergia.gob.ec\/ambiente\/wp-json\/wp\/v2\/comments?post=18571"}],"version-history":[{"count":0,"href":"https:\/\/www.ambienteyenergia.gob.ec\/ambiente\/wp-json\/wp\/v2\/posts\/18571\/revisions"}],"wp:featuredmedia":[{"embeddable":true,"href":"https:\/\/www.ambienteyenergia.gob.ec\/ambiente\/wp-json\/wp\/v2\/media\/18572"}],"wp:attachment":[{"href":"https:\/\/www.ambienteyenergia.gob.ec\/ambiente\/wp-json\/wp\/v2\/media?parent=18571"}],"wp:term":[{"taxonomy":"category","embeddable":true,"href":"https:\/\/www.ambienteyenergia.gob.ec\/ambiente\/wp-json\/wp\/v2\/categories?post=18571"},{"taxonomy":"post_tag","embeddable":true,"href":"https:\/\/www.ambienteyenergia.gob.ec\/ambiente\/wp-json\/wp\/v2\/tags?post=18571"}],"curies":[{"name":"wp","href":"https:\/\/api.w.org\/{rel}","templated":true}]}}