{"id":18560,"date":"2014-03-04T12:40:43","date_gmt":"2014-03-04T17:40:43","guid":{"rendered":"http:\/\/www.ambiente.gob.ec\/?p=18560"},"modified":"2014-03-05T08:33:35","modified_gmt":"2014-03-05T13:33:35","slug":"exposicion-de-orquideas-en-ambato","status":"publish","type":"post","link":"https:\/\/www.ambienteyenergia.gob.ec\/ambiente\/exposicion-de-orquideas-en-ambato\/","title":{"rendered":"Exposici\u00f3n de orqu\u00eddeas en Ambato"},"content":{"rendered":"<p style=\"text-align: justify;\">El pasado lunes, 3 de marzo, durante la ma\u00f1ana en el Parque Montalvo, de la ciudad de Ambato, la Direcci\u00f3n Provincial del Ambiente Tungurahua y el Orquidiario de la Parroquia de R\u00edo Verde del cant\u00f3n Ba\u00f1os de Agua Santa realizaron una exposici\u00f3n de orqu\u00eddeas, como homenaje a la ciudad por la celebraci\u00f3n de su Sexag\u00e9sima Tercera Fiesta de la Fruta y de las Flores.<\/p>\n<p style=\"text-align: justify;\">Se exhibieron alrededor de 100 orqu\u00eddeas h\u00edbridas con flor del g\u00e9nero: Phalaenopsis, Catteyas, Oncidium y Odontioda, y una peque\u00f1a muestra de orqu\u00eddeas silvestres con flor del g\u00e9nero: Epidendrum, 0ncidium, Maxillaria Peristeria y otras.<\/p>\n<p style=\"text-align: justify;\">Durante este feriado, muchos turistas disfrutaron de nuestros paisajes y biodiversidad en cada rinc\u00f3n del pa\u00eds. Para conocer m\u00e1s sobre nuestras \u00e1reas protegidas, novedades y actividades entorno a ellas te recomendamos registrarte en este link http:\/\/sib.ambiente.gob.ec\/index.php\/area_protegida\/area_registro y ser parte del Sistema de Informaci\u00f3n de Biodiversidad (SIB).<\/p>\n","protected":false},"excerpt":{"rendered":"<p class=\"excerpt\">El pasado lunes, 3 de marzo, durante la ma\u00f1ana en el Parque Montalvo, de la ciudad de Ambato, la Direcci\u00f3n Provincial del Ambiente Tungurahua y el Orquidiario de la Parroquia de R\u00edo Verde del cant\u00f3n Ba\u00f1os de Agua Santa realizaron una exposici\u00f3n de orqu\u00eddeas, como homenaje a la ciudad por la celebraci\u00f3n de su Sexag\u00e9sima Tercera Fiesta de la Fruta&hellip; <a href=\"https:\/\/www.ambienteyenergia.gob.ec\/ambiente\/exposicion-de-orquideas-en-ambato\/\">Read more &rarr;<\/a><\/p>\n","protected":false},"author":13,"featured_media":18561,"comment_status":"open","ping_status":"open","sticky":false,"template":"","format":"standard","meta":{"footnotes":""},"categories":[4],"tags":[320,387],"class_list":["post-18560","post","type-post","status-publish","format-standard","has-post-thumbnail","hentry","category-noticias","tag-ambato","tag-mae-lorena-tapia","xfolkentry"],"_links":{"self":[{"href":"https:\/\/www.ambienteyenergia.gob.ec\/ambiente\/wp-json\/wp\/v2\/posts\/18560","targetHints":{"allow":["GET"]}}],"collection":[{"href":"https:\/\/www.ambienteyenergia.gob.ec\/ambiente\/wp-json\/wp\/v2\/posts"}],"about":[{"href":"https:\/\/www.ambienteyenergia.gob.ec\/ambiente\/wp-json\/wp\/v2\/types\/post"}],"author":[{"embeddable":true,"href":"https:\/\/www.ambienteyenergia.gob.ec\/ambiente\/wp-json\/wp\/v2\/users\/13"}],"replies":[{"embeddable":true,"href":"https:\/\/www.ambienteyenergia.gob.ec\/ambiente\/wp-json\/wp\/v2\/comments?post=18560"}],"version-history":[{"count":0,"href":"https:\/\/www.ambienteyenergia.gob.ec\/ambiente\/wp-json\/wp\/v2\/posts\/18560\/revisions"}],"wp:featuredmedia":[{"embeddable":true,"href":"https:\/\/www.ambienteyenergia.gob.ec\/ambiente\/wp-json\/wp\/v2\/media\/18561"}],"wp:attachment":[{"href":"https:\/\/www.ambienteyenergia.gob.ec\/ambiente\/wp-json\/wp\/v2\/media?parent=18560"}],"wp:term":[{"taxonomy":"category","embeddable":true,"href":"https:\/\/www.ambienteyenergia.gob.ec\/ambiente\/wp-json\/wp\/v2\/categories?post=18560"},{"taxonomy":"post_tag","embeddable":true,"href":"https:\/\/www.ambienteyenergia.gob.ec\/ambiente\/wp-json\/wp\/v2\/tags?post=18560"}],"curies":[{"name":"wp","href":"https:\/\/api.w.org\/{rel}","templated":true}]}}