{"id":18556,"date":"2014-03-01T09:23:48","date_gmt":"2014-03-01T14:23:48","guid":{"rendered":"http:\/\/www.ambiente.gob.ec\/?p=18556"},"modified":"2014-03-05T08:39:11","modified_gmt":"2014-03-05T13:39:11","slug":"mae-conmemora-el-dia-del-reciclador-2","status":"publish","type":"post","link":"https:\/\/www.ambienteyenergia.gob.ec\/ambiente\/mae-conmemora-el-dia-del-reciclador-2\/","title":{"rendered":"MAE conmemora el d\u00eda del reciclador"},"content":{"rendered":"<p style=\"text-align: justify;\" align=\"JUSTIFY\">Hoy, se celebra el d\u00eda del reciclador ecuatoriano y el Ministerio del Ambiente (MAE) conmemora esta actividad que beneficia econ\u00f3micamente a mas de 15.000 hogares, al rededor de 50.000 personas, que en su mayor\u00eda son de escasos recursos econ\u00f3micos y recolectan desechos reutilizables en las zonas urbanas y botaderos del pa\u00eds.<\/p>\n<p style=\"text-align: justify;\" align=\"JUSTIFY\">Los recicladores son actores fundamentales de la ciudad, no solo porque proveen de materia prima a la industria del reciclaje nacional, sino que minimiza el impacto ambiental causado por la mala distribuci\u00f3n de los desechos s\u00f3lidos y disminuyen la explotaci\u00f3n de recursos naturales.<\/p>\n<p style=\"text-align: justify;\">En Ecuador el reciclaje comenz\u00f3 en el a\u00f1o 1970, fecha en la que inici\u00f3 su actividad productiva una f\u00e1brica de papel, que utiliz\u00f3 componentes reciclados como materia prima. Actualmente son muchas las aplicaciones que se le ha dado a este recurso, lo que ha ocasionado que la demanda crezca considerablemente.<\/p>\n<p style=\"text-align: justify;\">\u201cMe siento orgullosa de ser recicladora y de pertenecer a una organizaci\u00f3n que trabaja con gestores ambientales. La sociedad ha aprendido a respetarnos por lo que hacemos y a apoyar nuestro trabajo.<\/p>\n<p style=\"text-align: justify;\">Tenemos un centro de acopio respaldado por el Municipio que nos ha servido para llegar a los empresarios y a la gente.\u201d asever\u00f3 Mar\u00eda Elvia Pizu\u00f1a, recicladora por 25 a\u00f1os.<\/p>\n<p style=\"text-align: justify;\">Asimismo, Patricio Daquilema reciclador hace siete a\u00f1os, disfruta su ocupaci\u00f3n y asegura que \u00e9l y sus compa\u00f1eros hacen el trabajo que nadie m\u00e1s quiere hacer, eso los convierte en personas muy valientes y emprendedoras.<\/p>\n<p style=\"text-align: justify;\" align=\"JUSTIFY\">El MAE a trav\u00e9s del Programa Nacional para la Gesti\u00f3n Integral de Desechos S\u00f3lidos busca construir pol\u00edticas publicas que garanticen un enfoque sostenible, aportando significativamente en el cambio ambiental del pa\u00eds. Por este motivo los procesos de reciclaje e inclusi\u00f3n econ\u00f3mica son un tema prioritario para esta Cartera de Estado que reconoce la labor del reciclador y promueve su inserci\u00f3n a trav\u00e9s de emprendimientos sostenidos y solidarios.<\/p>\n<p style=\"text-align: justify;\"><strong>Sistema \u00fanico de reciclaje en Ecuador<\/strong><\/p>\n<p>Este sistema funciona a trav\u00e9s de los centros de acopio, formando una cadena en el reciclaje entre recicladores, microempresarios, peque\u00f1a y mediana empresa y las industrias, estas \u00faltimas se benefician a\u00fan m\u00e1s porque se elaboran distintos productos como las Papeleras (Papeles absorbentes, papel higi\u00e9nico, servilletas etc.), Industrias Plastiqueras. (Tuber\u00edas de polietileno de baja y alta densidad, fundas para basura), Industrias de vidrio (Botellas de vidrio), Industrias Sider\u00fargicas, Industria Metal\u00fargica.<\/p>\n","protected":false},"excerpt":{"rendered":"<p class=\"excerpt\">Hoy, se celebra el d\u00eda del reciclador ecuatoriano y el Ministerio del Ambiente (MAE) conmemora esta actividad que beneficia econ\u00f3micamente a mas de 15.000 hogares, al rededor de 50.000 personas, que en su mayor\u00eda son de escasos recursos econ\u00f3micos y recolectan desechos reutilizables en las zonas urbanas y botaderos del pa\u00eds. Los recicladores son actores fundamentales de la ciudad, no&hellip; <a href=\"https:\/\/www.ambienteyenergia.gob.ec\/ambiente\/mae-conmemora-el-dia-del-reciclador-2\/\">Read more &rarr;<\/a><\/p>\n","protected":false},"author":13,"featured_media":18552,"comment_status":"open","ping_status":"open","sticky":false,"template":"","format":"standard","meta":{"footnotes":""},"categories":[16,4],"tags":[],"class_list":["post-18556","post","type-post","status-publish","format-standard","has-post-thumbnail","hentry","category-comunicamos","category-noticias","xfolkentry"],"_links":{"self":[{"href":"https:\/\/www.ambienteyenergia.gob.ec\/ambiente\/wp-json\/wp\/v2\/posts\/18556","targetHints":{"allow":["GET"]}}],"collection":[{"href":"https:\/\/www.ambienteyenergia.gob.ec\/ambiente\/wp-json\/wp\/v2\/posts"}],"about":[{"href":"https:\/\/www.ambienteyenergia.gob.ec\/ambiente\/wp-json\/wp\/v2\/types\/post"}],"author":[{"embeddable":true,"href":"https:\/\/www.ambienteyenergia.gob.ec\/ambiente\/wp-json\/wp\/v2\/users\/13"}],"replies":[{"embeddable":true,"href":"https:\/\/www.ambienteyenergia.gob.ec\/ambiente\/wp-json\/wp\/v2\/comments?post=18556"}],"version-history":[{"count":0,"href":"https:\/\/www.ambienteyenergia.gob.ec\/ambiente\/wp-json\/wp\/v2\/posts\/18556\/revisions"}],"wp:featuredmedia":[{"embeddable":true,"href":"https:\/\/www.ambienteyenergia.gob.ec\/ambiente\/wp-json\/wp\/v2\/media\/18552"}],"wp:attachment":[{"href":"https:\/\/www.ambienteyenergia.gob.ec\/ambiente\/wp-json\/wp\/v2\/media?parent=18556"}],"wp:term":[{"taxonomy":"category","embeddable":true,"href":"https:\/\/www.ambienteyenergia.gob.ec\/ambiente\/wp-json\/wp\/v2\/categories?post=18556"},{"taxonomy":"post_tag","embeddable":true,"href":"https:\/\/www.ambienteyenergia.gob.ec\/ambiente\/wp-json\/wp\/v2\/tags?post=18556"}],"curies":[{"name":"wp","href":"https:\/\/api.w.org\/{rel}","templated":true}]}}